{"id":206241,"date":"2022-11-04T18:20:22","date_gmt":"2022-11-04T21:20:22","guid":{"rendered":"https:\/\/diarioregionaldigital.com.br\/?p=206241"},"modified":"2022-11-04T18:20:22","modified_gmt":"2022-11-04T21:20:22","slug":"equipe-de-transicao-comeca-a-trabalhar-no-ccbb-na-semana-que-vem","status":"publish","type":"post","link":"https:\/\/diarioregionaldigital.com.br\/?p=206241","title":{"rendered":"Equipe de transi\u00e7\u00e3o come\u00e7a a trabalhar no CCBB na semana que vem"},"content":{"rendered":"<p>A equipe de transi\u00e7\u00e3o indicada pelo presidente eleito Luiz In\u00e1cio Lula da Silva come\u00e7a a ocupar, na segunda-feira (7), as instala\u00e7\u00f5es do Centro Cultural do Banco do Brasil (CCBB). A presidente do PT, deputada federal Gleisi Hoffmann (PR), visitou o local na manh\u00e3 desta sexta-feira (4) e disse que Lula deve vir a Bras\u00edlia na semana que vem, em dia ainda n\u00e3o definido.<img decoding=\"async\" src=\"https:\/\/agenciabrasil.ebc.com.br\/ebc.png?id=1492296&amp;o=node\" \/><img decoding=\"async\" src=\"https:\/\/agenciabrasil.ebc.com.br\/ebc.gif?id=1492296&amp;o=node\" \/><\/p>\n<p>\u201cA previs\u00e3o \u00e9 que, a partir de segunda-feira a gente j\u00e1 comece a ocupar o espa\u00e7o, n\u00e3o com toda equipe formada, mas com equipe de administra\u00e7\u00e3o, que far\u00e1 essa parte de apoio, para que, quando as equipes da transi\u00e7\u00e3o, das \u00e1reas tem\u00e1ticas chegarem, esteja tudo pronto\u201d, disse Gleisi.<\/p>\n<p>Ele falou ainda sobre a proposta de emenda \u00e0 Constitui\u00e7\u00e3o (PEC) que deve ser constru\u00edda pelo governo eleito para acomodar, no or\u00e7amento do ano que vem, os projetos do governo Lula. A medida permitiria gastos acima do teto.<\/p>\n<p>\u201cTemos que ver todas as possibilidades para viabilizar aquilo que foi contratado nas urnas. N\u00e3o podemos entrar [em] 2023 sem o aux\u00edlio emergencial [Aux\u00edlio Brasil de R$ 600], sem o aumento real [acima da infla\u00e7\u00e3o] do sal\u00e1rio m\u00ednimo. S\u00e3o coisas que foram contratadas com o povo brasileiro e tenho certeza [de] que o Congresso tem essa sensibilidade, o Tribunal de Contas [da Uni\u00e3o] tamb\u00e9m\u201d, disse.<\/p>\n<p>Segundo Gleisi, a \u00e1rea t\u00e9cnica do governo eleito est\u00e1 negociando com os parlamentares da Comiss\u00e3o Mista do Or\u00e7amento e, na segunda-feira (7), devem come\u00e7ar a sair as defini\u00e7\u00f5es.<\/p>\n<p><span style=\"font-weight: 400;\">Fonte: Ag\u00eancia Brasil <\/span><\/p>\n","protected":false},"excerpt":{"rendered":"<p>A equipe de transi\u00e7\u00e3o indicada pelo presidente eleito Luiz In\u00e1cio Lula da Silva come\u00e7a a ocupar, na segunda-feira (7), as instala\u00e7\u00f5es do Centro Cultural do Banco do Brasil (CCBB). A presidente do PT, deputada federal Gleisi Hoffmann (PR), visitou o local na manh\u00e3 desta sexta-feira (4) e disse que Lula deve vir a Bras\u00edlia na [&hellip;]<\/p>\n","protected":false},"author":246,"featured_media":206242,"comment_status":"closed","ping_status":"closed","sticky":false,"template":"","format":"standard","meta":{"footnotes":""},"categories":[436,254,439],"tags":[],"class_list":["post-206241","post","type-post","status-publish","format-standard","has-post-thumbnail","hentry","category-destaque-da-semana","category-politica","category-ultima-hora"],"_links":{"self":[{"href":"https:\/\/diarioregionaldigital.com.br\/index.php?rest_route=\/wp\/v2\/posts\/206241","targetHints":{"allow":["GET"]}}],"collection":[{"href":"https:\/\/diarioregionaldigital.com.br\/index.php?rest_route=\/wp\/v2\/posts"}],"about":[{"href":"https:\/\/diarioregionaldigital.com.br\/index.php?rest_route=\/wp\/v2\/types\/post"}],"author":[{"embeddable":true,"href":"https:\/\/diarioregionaldigital.com.br\/index.php?rest_route=\/wp\/v2\/users\/246"}],"replies":[{"embeddable":true,"href":"https:\/\/diarioregionaldigital.com.br\/index.php?rest_route=%2Fwp%2Fv2%2Fcomments&post=206241"}],"version-history":[{"count":1,"href":"https:\/\/diarioregionaldigital.com.br\/index.php?rest_route=\/wp\/v2\/posts\/206241\/revisions"}],"predecessor-version":[{"id":206243,"href":"https:\/\/diarioregionaldigital.com.br\/index.php?rest_route=\/wp\/v2\/posts\/206241\/revisions\/206243"}],"wp:featuredmedia":[{"embeddable":true,"href":"https:\/\/diarioregionaldigital.com.br\/index.php?rest_route=\/wp\/v2\/media\/206242"}],"wp:attachment":[{"href":"https:\/\/diarioregionaldigital.com.br\/index.php?rest_route=%2Fwp%2Fv2%2Fmedia&parent=206241"}],"wp:term":[{"taxonomy":"category","embeddable":true,"href":"https:\/\/diarioregionaldigital.com.br\/index.php?rest_route=%2Fwp%2Fv2%2Fcategories&post=206241"},{"taxonomy":"post_tag","embeddable":true,"href":"https:\/\/diarioregionaldigital.com.br\/index.php?rest_route=%2Fwp%2Fv2%2Ftags&post=206241"}],"curies":[{"name":"wp","href":"https:\/\/api.w.org\/{rel}","templated":true}]}}