{"id":206238,"date":"2022-11-04T18:18:15","date_gmt":"2022-11-04T21:18:15","guid":{"rendered":"https:\/\/diarioregionaldigital.com.br\/?p=206238"},"modified":"2022-11-04T18:18:15","modified_gmt":"2022-11-04T21:18:15","slug":"rodovias-federais-do-pais-estao-livres-de-bloqueios-diz-prf","status":"publish","type":"post","link":"https:\/\/diarioregionaldigital.com.br\/?p=206238","title":{"rendered":"Rodovias federais do pa\u00eds est\u00e3o livres de bloqueios, diz PRF"},"content":{"rendered":"<p>A Pol\u00edcia Rodovi\u00e1ria Federal (PRF) informou na noite de hoje (3), em suas redes sociais, que todas as rodovias federais est\u00e3o livres de bloqueios. Ainda ocorrem interdi\u00e7\u00f5es, que \u00e9 quando o fluxo de ve\u00edculos fica parcialmente impedido, em 24 rodovias. No final da manh\u00e3 de hoje, esse n\u00famero era de 73 locais, sendo 60 interdi\u00e7\u00f5es\u00a0e 13 bloqueios, que \u00e9 quando o fluxo fica totalmente impedido.\u00a0<img decoding=\"async\" src=\"https:\/\/agenciabrasil.ebc.com.br\/ebc.png?id=1492182&amp;o=node\" \/><img decoding=\"async\" src=\"https:\/\/agenciabrasil.ebc.com.br\/ebc.gif?id=1492182&amp;o=node\" \/><\/p>\n<p>As interdi\u00e7\u00f5es ocorrem nos estados do\u00a0Amazonas (duas), de\u00a0Mato Grosso (sete), Mato Grosso do Sul (uma), do Par\u00e1 (seis) e de\u00a0Rond\u00f4nia (oito).<\/p>\n<p>Segundo a PRF, at\u00e9 o momento, foram desfeitos 936\u00a0interdi\u00e7\u00f5es ou bloqueios nas estradas federais.<\/p>\n<p><span style=\"font-weight: 400;\">Fonte: Ag\u00eancia Brasil <\/span><\/p>\n","protected":false},"excerpt":{"rendered":"<p>A Pol\u00edcia Rodovi\u00e1ria Federal (PRF) informou na noite de hoje (3), em suas redes sociais, que todas as rodovias federais est\u00e3o livres de bloqueios. Ainda ocorrem interdi\u00e7\u00f5es, que \u00e9 quando o fluxo de ve\u00edculos fica parcialmente impedido, em 24 rodovias. No final da manh\u00e3 de hoje, esse n\u00famero era de 73 locais, sendo 60 interdi\u00e7\u00f5es\u00a0e [&hellip;]<\/p>\n","protected":false},"author":246,"featured_media":206239,"comment_status":"closed","ping_status":"closed","sticky":false,"template":"","format":"standard","meta":{"footnotes":""},"categories":[436,440,254,439],"tags":[],"class_list":["post-206238","post","type-post","status-publish","format-standard","has-post-thumbnail","hentry","category-destaque-da-semana","category-destaques-do-dia","category-politica","category-ultima-hora"],"_links":{"self":[{"href":"https:\/\/diarioregionaldigital.com.br\/index.php?rest_route=\/wp\/v2\/posts\/206238","targetHints":{"allow":["GET"]}}],"collection":[{"href":"https:\/\/diarioregionaldigital.com.br\/index.php?rest_route=\/wp\/v2\/posts"}],"about":[{"href":"https:\/\/diarioregionaldigital.com.br\/index.php?rest_route=\/wp\/v2\/types\/post"}],"author":[{"embeddable":true,"href":"https:\/\/diarioregionaldigital.com.br\/index.php?rest_route=\/wp\/v2\/users\/246"}],"replies":[{"embeddable":true,"href":"https:\/\/diarioregionaldigital.com.br\/index.php?rest_route=%2Fwp%2Fv2%2Fcomments&post=206238"}],"version-history":[{"count":1,"href":"https:\/\/diarioregionaldigital.com.br\/index.php?rest_route=\/wp\/v2\/posts\/206238\/revisions"}],"predecessor-version":[{"id":206240,"href":"https:\/\/diarioregionaldigital.com.br\/index.php?rest_route=\/wp\/v2\/posts\/206238\/revisions\/206240"}],"wp:featuredmedia":[{"embeddable":true,"href":"https:\/\/diarioregionaldigital.com.br\/index.php?rest_route=\/wp\/v2\/media\/206239"}],"wp:attachment":[{"href":"https:\/\/diarioregionaldigital.com.br\/index.php?rest_route=%2Fwp%2Fv2%2Fmedia&parent=206238"}],"wp:term":[{"taxonomy":"category","embeddable":true,"href":"https:\/\/diarioregionaldigital.com.br\/index.php?rest_route=%2Fwp%2Fv2%2Fcategories&post=206238"},{"taxonomy":"post_tag","embeddable":true,"href":"https:\/\/diarioregionaldigital.com.br\/index.php?rest_route=%2Fwp%2Fv2%2Ftags&post=206238"}],"curies":[{"name":"wp","href":"https:\/\/api.w.org\/{rel}","templated":true}]}}