{"id":206227,"date":"2022-11-04T18:09:59","date_gmt":"2022-11-04T21:09:59","guid":{"rendered":"https:\/\/diarioregionaldigital.com.br\/?p=206227"},"modified":"2022-11-04T18:09:59","modified_gmt":"2022-11-04T21:09:59","slug":"ibge-revisa-queda-do-pib-de-2020-para-33","status":"publish","type":"post","link":"https:\/\/diarioregionaldigital.com.br\/?p=206227","title":{"rendered":"IBGE revisa queda do PIB de 2020 para 3,3%"},"content":{"rendered":"<p>O Instituto Brasileiro de Geografia e Estat\u00edstica (IBGE) revisou a queda do Produto Interno Bruto (PIB), a soma de todos os bens e servi\u00e7os produzidos no pa\u00eds, para 3,3% em 2020. Anteriormente, foi divulgado que a economia brasileira recuara 3,9% no primeiro ano da pandemia. De acordo com o IBGE, em 2019, o PIB brasileiro havia crescido 1,2%.<img decoding=\"async\" src=\"https:\/\/agenciabrasil.ebc.com.br\/ebc.png?id=1492258&amp;o=node\" \/><img decoding=\"async\" src=\"https:\/\/agenciabrasil.ebc.com.br\/ebc.gif?id=1492258&amp;o=node\" \/><\/p>\n<p>A revis\u00e3o foi divulgada\u00a0hoje\u00a0(4) pela pesquisa 2020 Sistema de Contas Nacionais Brasil, que traz um\u00a0detalhamento maior da economia do que aquele apresentado pelas Contas Nacionais Trimestrais, que traz dados preliminares.<\/p>\n<p>A revis\u00e3o foi feita, principalmente, pela incorpora\u00e7\u00e3o de novas informa\u00e7\u00f5es sobre os servi\u00e7os, que passaram de uma queda de 4,3% nos dados preliminares para um recuo de 3,7% nos dados consolidados divulgados\u00a0<span id=\"OBJ_PREFIX_DWT152_com_zimbra_date\" role=\"link\"><span id=\"OBJ_PREFIX_DWT161_com_zimbra_date\" role=\"link\">hoje<\/span><\/span>.<\/p>\n<p>A principal revis\u00e3o ocorreu em outras atividades de servi\u00e7os, que passou -12,3% nos dados para -9,3%.<\/p>\n<p>A queda da Ind\u00fastria foi revisada de -3,4% para -3%, enquanto o crescimento da agropecu\u00e1ria foi revisado de 3,8% para 4,2%.<\/p>\n<h2>Demanda<\/h2>\n<p>Sob a \u00f3tica da demanda, o consumo das fam\u00edlias caiu 4,5% enquanto o consumo dos governos recuou 3,7%. A forma\u00e7\u00e3o bruta de capital fixo, isto \u00e9, os investimentos, teve queda de 1,7% em 2020.<\/p>\n<p>Entre os investimentos, houve quedas\u00a0em m\u00e1quinas e equipamentos (-4,3%) e produtos de propriedade intelectual tamb\u00e9m teve retra\u00e7\u00e3o (-2,3%). Por outro lado, apresentaram crescimento os grupos constru\u00e7\u00e3o (0,6%) e outros ativos fixos (1,9%).<\/p>\n<p>Outros destaques da pesquisa foram a queda da necessidade de financiamento da economia em 66,6% em rela\u00e7\u00e3o a 2019 e o crescimento de 29,4% nos benef\u00edcios sociais recebidas pelas fam\u00edlias tamb\u00e9m na compara\u00e7\u00e3o com 2019.<\/p>\n<p><span style=\"font-weight: 400;\"><br \/>\n<\/span><span style=\"font-weight: 400;\">Fonte: Ag\u00eancia Brasil <\/span><\/p>\n","protected":false},"excerpt":{"rendered":"<p>O Instituto Brasileiro de Geografia e Estat\u00edstica (IBGE) revisou a queda do Produto Interno Bruto (PIB), a soma de todos os bens e servi\u00e7os produzidos no pa\u00eds, para 3,3% em 2020. Anteriormente, foi divulgado que a economia brasileira recuara 3,9% no primeiro ano da pandemia. De acordo com o IBGE, em 2019, o PIB brasileiro [&hellip;]<\/p>\n","protected":false},"author":246,"featured_media":206228,"comment_status":"closed","ping_status":"closed","sticky":false,"template":"","format":"standard","meta":{"footnotes":""},"categories":[436,261,439],"tags":[],"class_list":["post-206227","post","type-post","status-publish","format-standard","has-post-thumbnail","hentry","category-destaque-da-semana","category-economia","category-ultima-hora"],"_links":{"self":[{"href":"https:\/\/diarioregionaldigital.com.br\/index.php?rest_route=\/wp\/v2\/posts\/206227","targetHints":{"allow":["GET"]}}],"collection":[{"href":"https:\/\/diarioregionaldigital.com.br\/index.php?rest_route=\/wp\/v2\/posts"}],"about":[{"href":"https:\/\/diarioregionaldigital.com.br\/index.php?rest_route=\/wp\/v2\/types\/post"}],"author":[{"embeddable":true,"href":"https:\/\/diarioregionaldigital.com.br\/index.php?rest_route=\/wp\/v2\/users\/246"}],"replies":[{"embeddable":true,"href":"https:\/\/diarioregionaldigital.com.br\/index.php?rest_route=%2Fwp%2Fv2%2Fcomments&post=206227"}],"version-history":[{"count":1,"href":"https:\/\/diarioregionaldigital.com.br\/index.php?rest_route=\/wp\/v2\/posts\/206227\/revisions"}],"predecessor-version":[{"id":206229,"href":"https:\/\/diarioregionaldigital.com.br\/index.php?rest_route=\/wp\/v2\/posts\/206227\/revisions\/206229"}],"wp:featuredmedia":[{"embeddable":true,"href":"https:\/\/diarioregionaldigital.com.br\/index.php?rest_route=\/wp\/v2\/media\/206228"}],"wp:attachment":[{"href":"https:\/\/diarioregionaldigital.com.br\/index.php?rest_route=%2Fwp%2Fv2%2Fmedia&parent=206227"}],"wp:term":[{"taxonomy":"category","embeddable":true,"href":"https:\/\/diarioregionaldigital.com.br\/index.php?rest_route=%2Fwp%2Fv2%2Fcategories&post=206227"},{"taxonomy":"post_tag","embeddable":true,"href":"https:\/\/diarioregionaldigital.com.br\/index.php?rest_route=%2Fwp%2Fv2%2Ftags&post=206227"}],"curies":[{"name":"wp","href":"https:\/\/api.w.org\/{rel}","templated":true}]}}