{"id":206215,"date":"2022-11-03T20:30:26","date_gmt":"2022-11-03T23:30:26","guid":{"rendered":"https:\/\/diarioregionaldigital.com.br\/?p=206215"},"modified":"2022-11-03T20:30:26","modified_gmt":"2022-11-03T23:30:26","slug":"integrantes-do-cultura-de-paz-conhecem-trabalho-da-patrulha-de-prevencao-a-violencia-domestica","status":"publish","type":"post","link":"https:\/\/diarioregionaldigital.com.br\/?p=206215","title":{"rendered":"Integrantes do \u201cCultura de Paz\u201d conhecem trabalho da Patrulha de Preven\u00e7\u00e3o \u00e0 Viol\u00eancia Dom\u00e9stica"},"content":{"rendered":"<p>Segundo informa\u00e7\u00f5es do site da Prefeitura de Juiz de Fora (PJF), parte da equipe do projeto \u201cCultura de Paz e Preven\u00e7\u00e3o das Viol\u00eancias: Tecendo Redes\u201d, parceria entre a Prefeitura de Juiz de Fora (PJF) e a Universidade Federal de Juiz de Fora (UFJF), participou, na manh\u00e3 desta ter\u00e7a-feira, 1\u00ba, de uma reuni\u00e3o na Casa da Mulher com integrantes da Patrulha de Preven\u00e7\u00e3o \u00e0 Viol\u00eancia Dom\u00e9stica (PPVD), da Pol\u00edcia Militar de Minas Gerais (PMMG). O encontro teve como objetivo entender como est\u00e1 estruturada a rede de combate \u00e0 viol\u00eancia contra a mulher, apresentar o \u201cCultura de Paz\u201d aos integrantes do PPVD e estreitar la\u00e7os entre o projeto e a institui\u00e7\u00e3o.<\/p>\n<p>Para a professora coordenadora do projeto, Cacilda Andrade de S\u00e1, o contato com a Patrulha foi significativo. &#8220;Conhecer de perto a Patrulha que atende viol\u00eancia dom\u00e9stica foi muito importante para entender como ocorre essa din\u00e2mica dentro do munic\u00edpio e possamos formalizar as propostas de a\u00e7\u00f5es futuramente. Ficamos encantados com o trabalho realizado pelo PPVD e, cada vez que conversamos com mais um setor, ficamos mais felizes de estarmos realizando este trabalho\u201d.<\/p>\n<p>A sargento da PMMG, Roberta Pereira das Gra\u00e7as, refor\u00e7a que o trabalho da PPVD se d\u00e1 em duas frentes: a da primeira resposta, realizada quando a viatura atende den\u00fancias de qualquer crime e contraven\u00e7\u00e3o contra a mulher ou qualquer pessoa, diretamente pelo 190; e a segunda, que \u00e9 quando a Patrulha faz o monitoramento dos casos em que a v\u00edtima de viol\u00eancia dom\u00e9stica \u00e9 mulher.<\/p>\n<p>O atendimento da PPVD \u00e9 constitu\u00eddo por dois policiais, uma feminina e outro masculino, para abordar a v\u00edtima e o autor da viol\u00eancia.<\/p>\n<p>A policial evidencia, ainda, a import\u00e2ncia da exist\u00eancia de uma rede para o combate \u00e0 viol\u00eancia contra mulher no munic\u00edpio, bem como o acolhimento das v\u00edtimas. \u201cA compet\u00eancia da Pol\u00edcia Militar \u00e9 relacionada a crime e contraven\u00e7\u00e3o. \u00c9 para que n\u00e3o haja reincid\u00eancia dos delitos relacionados \u00e0 viol\u00eancia dom\u00e9stica. Mas n\u00f3s n\u00e3o temos um psic\u00f3logo, um encaminhamento de rede, n\u00e3o fazemos medida protetiva. Ent\u00e3o, a import\u00e2ncia do trabalho da rede \u00e9 que as v\u00edtimas sejam acompanhadas aos demais \u00f3rg\u00e3os para que haja solicita\u00e7\u00e3o da medida, acompanhamento psicol\u00f3gico e acompanhamento familiar, at\u00e9 que, de fato, aconte\u00e7a o encerramento da viol\u00eancia dom\u00e9stica\u201d, ressalta.<\/p>\n<p>O cabo Lellys Guimar\u00e3es salienta, ainda, que o agressor deve se conscientizar de que est\u00e1 cometendo um crime ao agredir sua parceira. \u201cA esposa n\u00e3o \u00e9 propriedade dele (homem). Culturalmente, a sociedade patriarcal sempre veio dizendo \u2018a minha mulher\u2019. Essa \u00e9 uma dificuldade que temos que desconstruir nessa sociedade ainda muito machista e patriarcal. Saber que ningu\u00e9m \u00e9 dono de ningu\u00e9m e nem propriedade de ningu\u00e9m, at\u00e9 para quando a pol\u00edcia chegar, o autor j\u00e1 estar ciente de que cometeu um crime. Ele tem que se reabilitar para continuar o relacionamento, ou, no caso desse relacionamento acabar, que ele n\u00e3o pratique os mesmos crimes com pr\u00f3ximas c\u00f4njuges\u201d, enfatiza.<\/p>\n<p>Participaram da reuni\u00e3o a professora coordenadora do Projeto, Cacilda Andrade de S\u00e1, o professor coordenador do eixo de mapeamento, Wagner Batella, a professora do departamento de Geoci\u00eancias da UFJF e uma das coordenadoras do N\u00facleo de Pesquisa Geografia, Espa\u00e7o e A\u00e7\u00e3o (Nugea), Clarice Cassab, a sargento Roberta Pereira das Gra\u00e7as, o cabo Lellys Guimar\u00e3es, os bolsistas do eixo de comunica\u00e7\u00e3o.<\/p>\n<p><strong>Cultura de Paz e Preven\u00e7\u00e3o das Viol\u00eancias: Tecendo Redes<\/strong><\/p>\n<p><a href=\"https:\/\/www.pjf.mg.gov.br\/noticias\/view.php?modo=link2&amp;idnoticia2=76442\"><strong>O Projeto \u00e9 uma parceria entre a Prefeitura de Juiz de Fora (PJF) e a Universidade Federal de Juiz de Fora<\/strong>\u00a0(UFJF)<\/a>\u00a0e busca contribuir para o desenvolvimento do Plano Municipal de Fortalecimento da Vigil\u00e2ncia das Causas Externas da PJF. Por parte da UFJF, est\u00e3o envolvidas equipes dos n\u00facleos: N\u00facleo de Pesquisa Geografia, Espa\u00e7o e A\u00e7\u00e3o (NuGea), N\u00facleo de Estudos de Pol\u00edticas de Drogas, Viol\u00eancia e Direitos Humanos (NEVIDH) e N\u00facleo de Assessoria, Treinamentos e Estudos em Sa\u00fade (NATES). A iniciativa tem dura\u00e7\u00e3o de seis meses e vai contar, ainda, com f\u00f3runs e campanhas que pretendem alcan\u00e7ar as comunidades e sensibiliz\u00e1-las para o debate sobre o tema e para a busca de solu\u00e7\u00f5es para as diferentes demandas.<\/p>\n<p>Para saber mais sobre o Cultura de Paz, acompanhe os podcasts<a href=\"https:\/\/open.spotify.com\/show\/3wJkwNLiK9enbu0ChJ94xw?si=-VDx2Lm5QCe8eH-BHxidHA\"><strong>\u00a0\u201cCultura de Paz Entrevista\u201d<\/strong><\/a>, como parte da campanha do projeto com o tema sa\u00fade mental, e<a href=\"https:\/\/open.spotify.com\/show\/3wJkwNLiK9enbu0ChJ94xw?si=-VDx2Lm5QCe8eH-BHxidHA\">\u00a0<strong>\u201cCultura de Paz Reportagem\u201d<\/strong><\/a>, que retrata os depoimentos das pessoas que fazem as oficinas acontecerem. No instagram @culturadepazjf e no<a href=\"https:\/\/www.youtube.com\/channel\/UCJ5ROnRNs3sFKbnKZHVv0HA\">\u00a0<strong>canal do Youtube<\/strong><\/a>\u00a0come\u00e7ou nesta quarta-feira, 21, a s\u00e9rie que apresenta o Projeto Cultura de Paz. Os podcasts e v\u00eddeos s\u00e3o produzidos pelo eixo de comunica\u00e7\u00e3o do projeto.<br \/>\n<b>\u00a0<\/b><\/p>\n","protected":false},"excerpt":{"rendered":"<p>Segundo informa\u00e7\u00f5es do site da Prefeitura de Juiz de Fora (PJF), parte da equipe do projeto \u201cCultura de Paz e Preven\u00e7\u00e3o das Viol\u00eancias: Tecendo Redes\u201d, parceria entre a Prefeitura de Juiz de Fora (PJF) e a Universidade Federal de Juiz de Fora (UFJF), participou, na manh\u00e3 desta ter\u00e7a-feira, 1\u00ba, de uma reuni\u00e3o na Casa da [&hellip;]<\/p>\n","protected":false},"author":246,"featured_media":206216,"comment_status":"closed","ping_status":"closed","sticky":false,"template":"","format":"standard","meta":{"footnotes":""},"categories":[253,436,439],"tags":[],"class_list":["post-206215","post","type-post","status-publish","format-standard","has-post-thumbnail","hentry","category-cidade","category-destaque-da-semana","category-ultima-hora"],"_links":{"self":[{"href":"https:\/\/diarioregionaldigital.com.br\/index.php?rest_route=\/wp\/v2\/posts\/206215","targetHints":{"allow":["GET"]}}],"collection":[{"href":"https:\/\/diarioregionaldigital.com.br\/index.php?rest_route=\/wp\/v2\/posts"}],"about":[{"href":"https:\/\/diarioregionaldigital.com.br\/index.php?rest_route=\/wp\/v2\/types\/post"}],"author":[{"embeddable":true,"href":"https:\/\/diarioregionaldigital.com.br\/index.php?rest_route=\/wp\/v2\/users\/246"}],"replies":[{"embeddable":true,"href":"https:\/\/diarioregionaldigital.com.br\/index.php?rest_route=%2Fwp%2Fv2%2Fcomments&post=206215"}],"version-history":[{"count":1,"href":"https:\/\/diarioregionaldigital.com.br\/index.php?rest_route=\/wp\/v2\/posts\/206215\/revisions"}],"predecessor-version":[{"id":206217,"href":"https:\/\/diarioregionaldigital.com.br\/index.php?rest_route=\/wp\/v2\/posts\/206215\/revisions\/206217"}],"wp:featuredmedia":[{"embeddable":true,"href":"https:\/\/diarioregionaldigital.com.br\/index.php?rest_route=\/wp\/v2\/media\/206216"}],"wp:attachment":[{"href":"https:\/\/diarioregionaldigital.com.br\/index.php?rest_route=%2Fwp%2Fv2%2Fmedia&parent=206215"}],"wp:term":[{"taxonomy":"category","embeddable":true,"href":"https:\/\/diarioregionaldigital.com.br\/index.php?rest_route=%2Fwp%2Fv2%2Fcategories&post=206215"},{"taxonomy":"post_tag","embeddable":true,"href":"https:\/\/diarioregionaldigital.com.br\/index.php?rest_route=%2Fwp%2Fv2%2Ftags&post=206215"}],"curies":[{"name":"wp","href":"https:\/\/api.w.org\/{rel}","templated":true}]}}