{"id":206212,"date":"2022-11-03T20:28:28","date_gmt":"2022-11-03T23:28:28","guid":{"rendered":"https:\/\/diarioregionaldigital.com.br\/?p=206212"},"modified":"2022-11-03T20:28:28","modified_gmt":"2022-11-03T23:28:28","slug":"trupicada-leva-espetaculo-financiado-pelo-programa-cultural-murilo-mendes-a-praca-ceu","status":"publish","type":"post","link":"https:\/\/diarioregionaldigital.com.br\/?p=206212","title":{"rendered":"Trupicada leva espet\u00e1culo financiado pelo Programa Cultural Murilo Mendes \u00e0 Pra\u00e7a CEU"},"content":{"rendered":"<p>Segundo informa\u00e7\u00f5es do site da Prefeitura de Juiz de Fora (PJF),\u00a0 depois da temporada de estreia no Moinho Zona Norte, o Grupo Trupicada leva o espet\u00e1culo \u201cComo cozinhar uma crian\u00e7a\u201d para a Pra\u00e7a CEU (Centro de Artes e Esportes Unificados Coronel Adelmir Romualdo de Oliveira), com duas sess\u00f5es gratuitas. Na sexta-feira, 4, \u00e0s 15h, a apresenta\u00e7\u00e3o \u00e9 reservada para alunos da Escola Estadual Francisco Faria. J\u00e1 para conferir a pe\u00e7a no s\u00e1bado, 5, tamb\u00e9m \u00e0s 15h, \u00e9 preciso retirar os convites pelo Sympla ou na secretaria do equipamento urbano, localizado na Avenida Juscelino Kubitschek 5.899 \u2013 Benfica.<\/p>\n<p>A montagem marca a estreia da Banda Trupicada no universo do teatro e foi financiada pelo Programa Cultural Murilo Mendes, mantido pela Prefeitura de Juiz de Fora (PJF), com gest\u00e3o da Funda\u00e7\u00e3o Cultural Alfredo Ferreira Lage (Funalfa). Livre para todos os p\u00fablicos, a pe\u00e7a \u00e9 classificada como com\u00e9dia de terror infantil.<\/p>\n<p>Com texto original de Afonso Cruz, dramaturgia e dire\u00e7\u00e3o de Tairone Vale, a pe\u00e7a apresenta os atores L\u00edvia Gomes e Felipe Tavares, que narram as dificuldades de dois chefes de cozinha, tentando levar ao ar um programa de culin\u00e1ria que tem crian\u00e7as como ingredientes principais.<\/p>\n<p>M\u00fasica n\u00e3o poderia faltar, j\u00e1 que a montagem \u00e9 da Trupicada, a banda queridinha da crian\u00e7ada em Juiz de Fora. O espet\u00e1culo apresenta can\u00e7\u00f5es originais compostas pela banda, em parceria com Tairone Vale, e os atores transformam acess\u00f3rios de cozinha, como panelas e talheres, em instrumentos musicais.<\/p>\n<p>Formada por oito m\u00fasicos de Juiz de Fora e criada em 2007, a Banda Trupicada aposta em espet\u00e1culos que integram m\u00fasicas, brincadeiras e conta\u00e7\u00e3o de hist\u00f3rias. As composi\u00e7\u00f5es do grupo s\u00e3o fruto de um processo constante de trabalho e pesquisa sobre a cena brasileira da produ\u00e7\u00e3o musical infantil, bem como da viv\u00eancia com crian\u00e7as em escolas da educa\u00e7\u00e3o infantil e ensino fundamental.<\/p>\n<p>A Pra\u00e7a CEU \u00e9 mantida pela PJF, sendo a gest\u00e3o de responsabilidade da Funalfa. Os servi\u00e7os s\u00e3o executados por meio de contrato de parceria com a Associa\u00e7\u00e3o Cultural Arte e Vida (Acav).<\/p>\n","protected":false},"excerpt":{"rendered":"<p>Segundo informa\u00e7\u00f5es do site da Prefeitura de Juiz de Fora (PJF),\u00a0 depois da temporada de estreia no Moinho Zona Norte, o Grupo Trupicada leva o espet\u00e1culo \u201cComo cozinhar uma crian\u00e7a\u201d para a Pra\u00e7a CEU (Centro de Artes e Esportes Unificados Coronel Adelmir Romualdo de Oliveira), com duas sess\u00f5es gratuitas. Na sexta-feira, 4, \u00e0s 15h, a [&hellip;]<\/p>\n","protected":false},"author":246,"featured_media":206213,"comment_status":"closed","ping_status":"closed","sticky":false,"template":"","format":"standard","meta":{"footnotes":""},"categories":[253,436,439],"tags":[],"class_list":["post-206212","post","type-post","status-publish","format-standard","has-post-thumbnail","hentry","category-cidade","category-destaque-da-semana","category-ultima-hora"],"_links":{"self":[{"href":"https:\/\/diarioregionaldigital.com.br\/index.php?rest_route=\/wp\/v2\/posts\/206212","targetHints":{"allow":["GET"]}}],"collection":[{"href":"https:\/\/diarioregionaldigital.com.br\/index.php?rest_route=\/wp\/v2\/posts"}],"about":[{"href":"https:\/\/diarioregionaldigital.com.br\/index.php?rest_route=\/wp\/v2\/types\/post"}],"author":[{"embeddable":true,"href":"https:\/\/diarioregionaldigital.com.br\/index.php?rest_route=\/wp\/v2\/users\/246"}],"replies":[{"embeddable":true,"href":"https:\/\/diarioregionaldigital.com.br\/index.php?rest_route=%2Fwp%2Fv2%2Fcomments&post=206212"}],"version-history":[{"count":1,"href":"https:\/\/diarioregionaldigital.com.br\/index.php?rest_route=\/wp\/v2\/posts\/206212\/revisions"}],"predecessor-version":[{"id":206214,"href":"https:\/\/diarioregionaldigital.com.br\/index.php?rest_route=\/wp\/v2\/posts\/206212\/revisions\/206214"}],"wp:featuredmedia":[{"embeddable":true,"href":"https:\/\/diarioregionaldigital.com.br\/index.php?rest_route=\/wp\/v2\/media\/206213"}],"wp:attachment":[{"href":"https:\/\/diarioregionaldigital.com.br\/index.php?rest_route=%2Fwp%2Fv2%2Fmedia&parent=206212"}],"wp:term":[{"taxonomy":"category","embeddable":true,"href":"https:\/\/diarioregionaldigital.com.br\/index.php?rest_route=%2Fwp%2Fv2%2Fcategories&post=206212"},{"taxonomy":"post_tag","embeddable":true,"href":"https:\/\/diarioregionaldigital.com.br\/index.php?rest_route=%2Fwp%2Fv2%2Ftags&post=206212"}],"curies":[{"name":"wp","href":"https:\/\/api.w.org\/{rel}","templated":true}]}}