{"id":206209,"date":"2022-11-03T20:26:01","date_gmt":"2022-11-03T23:26:01","guid":{"rendered":"https:\/\/diarioregionaldigital.com.br\/?p=206209"},"modified":"2022-11-03T20:26:01","modified_gmt":"2022-11-03T23:26:01","slug":"renovacao-de-matriculas-nas-escolas-municipais-se-encerram-nesta-sexta-4","status":"publish","type":"post","link":"https:\/\/diarioregionaldigital.com.br\/?p=206209","title":{"rendered":"Renova\u00e7\u00e3o de matr\u00edculas nas escolas municipais se encerram nesta sexta, 4"},"content":{"rendered":"<p>Segundo informa\u00e7\u00f5es do site da Prefeitura de Juiz de Fora (PJF), por meio da Secretaria de Educa\u00e7\u00e3o (SE), a PJF realiza nas escolas municipais a renova\u00e7\u00e3o de matr\u00edcula dos alunos at\u00e9 esta sexta-feira, 4. N\u00e3o haver\u00e1 atendimento apenas no dia 2 de novembro devido ao feriado de finados.<\/p>\n<p>Podem participar do processo aqueles estudantes que j\u00e1 est\u00e3o matriculados nas institui\u00e7\u00f5es de ensino municipais e querem manter o v\u00ednculo na mesma escola para 2023.<\/p>\n<p>Para isso, os respons\u00e1veis pelos alunos interessados devem procurar a escola onde est\u00e3o matriculados levando comprovante de resid\u00eancia atualizado e cart\u00e3o de vacina\u00e7\u00e3o do estudante.<\/p>\n<p>A renova\u00e7\u00e3o de matr\u00edcula \u00e9 importante para que seja avaliada a quantidade de vagas a serem ofertadas no Cadastro Escolar, com data a ser definida.<\/p>\n","protected":false},"excerpt":{"rendered":"<p>Segundo informa\u00e7\u00f5es do site da Prefeitura de Juiz de Fora (PJF), por meio da Secretaria de Educa\u00e7\u00e3o (SE), a PJF realiza nas escolas municipais a renova\u00e7\u00e3o de matr\u00edcula dos alunos at\u00e9 esta sexta-feira, 4. N\u00e3o haver\u00e1 atendimento apenas no dia 2 de novembro devido ao feriado de finados. Podem participar do processo aqueles estudantes que [&hellip;]<\/p>\n","protected":false},"author":246,"featured_media":206210,"comment_status":"closed","ping_status":"closed","sticky":false,"template":"","format":"standard","meta":{"footnotes":""},"categories":[253,436,440,439],"tags":[],"class_list":["post-206209","post","type-post","status-publish","format-standard","has-post-thumbnail","hentry","category-cidade","category-destaque-da-semana","category-destaques-do-dia","category-ultima-hora"],"_links":{"self":[{"href":"https:\/\/diarioregionaldigital.com.br\/index.php?rest_route=\/wp\/v2\/posts\/206209","targetHints":{"allow":["GET"]}}],"collection":[{"href":"https:\/\/diarioregionaldigital.com.br\/index.php?rest_route=\/wp\/v2\/posts"}],"about":[{"href":"https:\/\/diarioregionaldigital.com.br\/index.php?rest_route=\/wp\/v2\/types\/post"}],"author":[{"embeddable":true,"href":"https:\/\/diarioregionaldigital.com.br\/index.php?rest_route=\/wp\/v2\/users\/246"}],"replies":[{"embeddable":true,"href":"https:\/\/diarioregionaldigital.com.br\/index.php?rest_route=%2Fwp%2Fv2%2Fcomments&post=206209"}],"version-history":[{"count":1,"href":"https:\/\/diarioregionaldigital.com.br\/index.php?rest_route=\/wp\/v2\/posts\/206209\/revisions"}],"predecessor-version":[{"id":206211,"href":"https:\/\/diarioregionaldigital.com.br\/index.php?rest_route=\/wp\/v2\/posts\/206209\/revisions\/206211"}],"wp:featuredmedia":[{"embeddable":true,"href":"https:\/\/diarioregionaldigital.com.br\/index.php?rest_route=\/wp\/v2\/media\/206210"}],"wp:attachment":[{"href":"https:\/\/diarioregionaldigital.com.br\/index.php?rest_route=%2Fwp%2Fv2%2Fmedia&parent=206209"}],"wp:term":[{"taxonomy":"category","embeddable":true,"href":"https:\/\/diarioregionaldigital.com.br\/index.php?rest_route=%2Fwp%2Fv2%2Fcategories&post=206209"},{"taxonomy":"post_tag","embeddable":true,"href":"https:\/\/diarioregionaldigital.com.br\/index.php?rest_route=%2Fwp%2Fv2%2Ftags&post=206209"}],"curies":[{"name":"wp","href":"https:\/\/api.w.org\/{rel}","templated":true}]}}