{"id":206206,"date":"2022-11-03T20:12:41","date_gmt":"2022-11-03T23:12:41","guid":{"rendered":"https:\/\/diarioregionaldigital.com.br\/?p=206206"},"modified":"2022-11-03T20:12:41","modified_gmt":"2022-11-03T23:12:41","slug":"corinthians-derrota-flamengo-no-maracana-e-se-garante-na-libertadores","status":"publish","type":"post","link":"https:\/\/diarioregionaldigital.com.br\/?p=206206","title":{"rendered":"Corinthians derrota Flamengo no Maracan\u00e3 e se garante na Libertadores"},"content":{"rendered":"<p>O Flamengo iniciou a noite desta quarta-feira (2) comemorando com sua torcida, no est\u00e1dio do Maracan\u00e3, a conquista da Ta\u00e7a Libertadores. Mas quem celebrou no final foi o Corinthians, que venceu por 2 a 1 para embolar a luta pela vice-lideran\u00e7a do Campeonato Brasileiro.<img decoding=\"async\" src=\"https:\/\/agenciabrasil.ebc.com.br\/ebc.png?id=1492001&amp;o=node\" \/><img decoding=\"async\" src=\"https:\/\/agenciabrasil.ebc.com.br\/ebc.gif?id=1492001&amp;o=node\" \/><\/p>\n<p>Ap\u00f3s triunfar fora de casa, o Tim\u00e3o permaneceu na 5\u00aa posi\u00e7\u00e3o, agora com 61 pontos, a mesma pontua\u00e7\u00e3o do 4\u00ba colocado Fluminense e do 3\u00ba Flamengo, e a apenas tr\u00eas pontos do vice-l\u00edder Internacional.<\/p>\n<p>Mesmo contando com o apoio da sua torcida, o Flamengo viu o Corinthians abrir o placar aos 42 minutos do primeiro tempo, quando Mateus Vital cruzou rasteiro para Du Queiroz chegar batendo de primeira para superar o goleiro Hugo Souza.<\/p>\n<p>O Rubro-Negro ainda chegou a igualar logo aos 2 minutos da etapa final, quando Matheus Fran\u00e7a bateu por cobertura para marcar um gola\u00e7o. Por\u00e9m, aos 29 minutos M\u00e9ndez tocou para Yuri Alberto, que, com um toque, se livrou de Fabr\u00edcio Bruno antes de bater com categoria para garantir a vit\u00f3ria e a presen\u00e7a do Corinthians na fase de grupos da Libertadores.<\/p>\n<p><span style=\"font-weight: 400;\">Fonte: \u00a0 Ag\u00eancia Brasil <\/span><\/p>\n","protected":false},"excerpt":{"rendered":"<p>O Flamengo iniciou a noite desta quarta-feira (2) comemorando com sua torcida, no est\u00e1dio do Maracan\u00e3, a conquista da Ta\u00e7a Libertadores. Mas quem celebrou no final foi o Corinthians, que venceu por 2 a 1 para embolar a luta pela vice-lideran\u00e7a do Campeonato Brasileiro. Ap\u00f3s triunfar fora de casa, o Tim\u00e3o permaneceu na 5\u00aa posi\u00e7\u00e3o, [&hellip;]<\/p>\n","protected":false},"author":246,"featured_media":206207,"comment_status":"closed","ping_status":"closed","sticky":false,"template":"","format":"standard","meta":{"footnotes":""},"categories":[436,257,439],"tags":[],"class_list":["post-206206","post","type-post","status-publish","format-standard","has-post-thumbnail","hentry","category-destaque-da-semana","category-esporte","category-ultima-hora"],"_links":{"self":[{"href":"https:\/\/diarioregionaldigital.com.br\/index.php?rest_route=\/wp\/v2\/posts\/206206","targetHints":{"allow":["GET"]}}],"collection":[{"href":"https:\/\/diarioregionaldigital.com.br\/index.php?rest_route=\/wp\/v2\/posts"}],"about":[{"href":"https:\/\/diarioregionaldigital.com.br\/index.php?rest_route=\/wp\/v2\/types\/post"}],"author":[{"embeddable":true,"href":"https:\/\/diarioregionaldigital.com.br\/index.php?rest_route=\/wp\/v2\/users\/246"}],"replies":[{"embeddable":true,"href":"https:\/\/diarioregionaldigital.com.br\/index.php?rest_route=%2Fwp%2Fv2%2Fcomments&post=206206"}],"version-history":[{"count":1,"href":"https:\/\/diarioregionaldigital.com.br\/index.php?rest_route=\/wp\/v2\/posts\/206206\/revisions"}],"predecessor-version":[{"id":206208,"href":"https:\/\/diarioregionaldigital.com.br\/index.php?rest_route=\/wp\/v2\/posts\/206206\/revisions\/206208"}],"wp:featuredmedia":[{"embeddable":true,"href":"https:\/\/diarioregionaldigital.com.br\/index.php?rest_route=\/wp\/v2\/media\/206207"}],"wp:attachment":[{"href":"https:\/\/diarioregionaldigital.com.br\/index.php?rest_route=%2Fwp%2Fv2%2Fmedia&parent=206206"}],"wp:term":[{"taxonomy":"category","embeddable":true,"href":"https:\/\/diarioregionaldigital.com.br\/index.php?rest_route=%2Fwp%2Fv2%2Fcategories&post=206206"},{"taxonomy":"post_tag","embeddable":true,"href":"https:\/\/diarioregionaldigital.com.br\/index.php?rest_route=%2Fwp%2Fv2%2Ftags&post=206206"}],"curies":[{"name":"wp","href":"https:\/\/api.w.org\/{rel}","templated":true}]}}