{"id":206203,"date":"2022-11-03T20:08:39","date_gmt":"2022-11-03T23:08:39","guid":{"rendered":"https:\/\/diarioregionaldigital.com.br\/?p=206203"},"modified":"2022-11-03T20:08:39","modified_gmt":"2022-11-03T23:08:39","slug":"vasco-lamenta-adiamento-de-julgamento-do-stjd","status":"publish","type":"post","link":"https:\/\/diarioregionaldigital.com.br\/?p=206203","title":{"rendered":"Vasco lamenta adiamento de julgamento do STJD"},"content":{"rendered":"<p>A decis\u00e3o do retorno ou n\u00e3o do Vasco \u00e0 S\u00e9rie A do Campeonato Brasileiro ficou para dentro do gramado. Isto porque o Superior Tribunal de Justi\u00e7a Desportiva (STJD) adiou o julgamento que seria realizado nesta quinta-feira (3), e que poderia conceder ao Cruzmaltino os pontos da partida contra o Sport.<img decoding=\"async\" src=\"https:\/\/agenciabrasil.ebc.com.br\/ebc.png?id=1492138&amp;o=node\" \/><img decoding=\"async\" src=\"https:\/\/agenciabrasil.ebc.com.br\/ebc.gif?id=1492138&amp;o=node\" \/><\/p>\n<p>O pol\u00eamico jogo terminou empatado em 1 a 1, no dia 16 de outubro na Ilha do Retiro, ap\u00f3s a invas\u00e3o do campo por torcedores do Le\u00e3o Pernambucano.<\/p>\n<p>Logo ap\u00f3s o an\u00fancio da decis\u00e3o, o Vasco se pronunciou por meio de\u00a0<a href=\"https:\/\/vasco.com.br\/nota-oficial-18\/\">nota<\/a>: \u201cA diretoria do Vasco recebeu com perplexidade e desapontamento o adiamento do julgamento no STJD, \u00e0s v\u00e9speras do mesmo. O Vasco da Gama entende que nada pode ser mais prejudicial \u00e0 competi\u00e7\u00e3o do que os incidentes violentos e a falta de seguran\u00e7a que interromperam o jogo Sport x Vasco na Ilha do Retiro\u201d.<\/p>\n<p>Tapet\u00e3o \u00e0 parte, o Vasco entra em campo pela \u00faltima rodada da S\u00e9rie B, a partir das 18h30 (hor\u00e1rio de Bras\u00edlia) do pr\u00f3ximo domingo (6). O advers\u00e1rio ser\u00e1 o Ituano, e a partida ser\u00e1 disputada no est\u00e1dio Municipal Doutor Novelli Junior, em Itu.<\/p>\n<p>Caso ven\u00e7a ou empate, o Cruzmaltino sobe para a elite do futebol brasileiro.<\/p>\n<p>Vasco, Bahia, Ituano e Sport disputam as duas \u00faltimas vagas do acesso, pois Cruzeiro e Gr\u00eamio j\u00e1 carimbaram o acesso para o pr\u00f3ximo ano.<\/p>\n<p><span style=\"font-weight: 400;\">Fonte: \u00a0 Ag\u00eancia Brasil <\/span><\/p>\n","protected":false},"excerpt":{"rendered":"<p>A decis\u00e3o do retorno ou n\u00e3o do Vasco \u00e0 S\u00e9rie A do Campeonato Brasileiro ficou para dentro do gramado. Isto porque o Superior Tribunal de Justi\u00e7a Desportiva (STJD) adiou o julgamento que seria realizado nesta quinta-feira (3), e que poderia conceder ao Cruzmaltino os pontos da partida contra o Sport. O pol\u00eamico jogo terminou empatado [&hellip;]<\/p>\n","protected":false},"author":246,"featured_media":206204,"comment_status":"closed","ping_status":"closed","sticky":false,"template":"","format":"standard","meta":{"footnotes":""},"categories":[436,257,439],"tags":[],"class_list":["post-206203","post","type-post","status-publish","format-standard","has-post-thumbnail","hentry","category-destaque-da-semana","category-esporte","category-ultima-hora"],"_links":{"self":[{"href":"https:\/\/diarioregionaldigital.com.br\/index.php?rest_route=\/wp\/v2\/posts\/206203","targetHints":{"allow":["GET"]}}],"collection":[{"href":"https:\/\/diarioregionaldigital.com.br\/index.php?rest_route=\/wp\/v2\/posts"}],"about":[{"href":"https:\/\/diarioregionaldigital.com.br\/index.php?rest_route=\/wp\/v2\/types\/post"}],"author":[{"embeddable":true,"href":"https:\/\/diarioregionaldigital.com.br\/index.php?rest_route=\/wp\/v2\/users\/246"}],"replies":[{"embeddable":true,"href":"https:\/\/diarioregionaldigital.com.br\/index.php?rest_route=%2Fwp%2Fv2%2Fcomments&post=206203"}],"version-history":[{"count":1,"href":"https:\/\/diarioregionaldigital.com.br\/index.php?rest_route=\/wp\/v2\/posts\/206203\/revisions"}],"predecessor-version":[{"id":206205,"href":"https:\/\/diarioregionaldigital.com.br\/index.php?rest_route=\/wp\/v2\/posts\/206203\/revisions\/206205"}],"wp:featuredmedia":[{"embeddable":true,"href":"https:\/\/diarioregionaldigital.com.br\/index.php?rest_route=\/wp\/v2\/media\/206204"}],"wp:attachment":[{"href":"https:\/\/diarioregionaldigital.com.br\/index.php?rest_route=%2Fwp%2Fv2%2Fmedia&parent=206203"}],"wp:term":[{"taxonomy":"category","embeddable":true,"href":"https:\/\/diarioregionaldigital.com.br\/index.php?rest_route=%2Fwp%2Fv2%2Fcategories&post=206203"},{"taxonomy":"post_tag","embeddable":true,"href":"https:\/\/diarioregionaldigital.com.br\/index.php?rest_route=%2Fwp%2Fv2%2Ftags&post=206203"}],"curies":[{"name":"wp","href":"https:\/\/api.w.org\/{rel}","templated":true}]}}