{"id":206197,"date":"2022-11-03T20:05:41","date_gmt":"2022-11-03T23:05:41","guid":{"rendered":"https:\/\/diarioregionaldigital.com.br\/?p=206197"},"modified":"2022-11-03T20:05:41","modified_gmt":"2022-11-03T23:05:41","slug":"rebeca-andrade-conquista-o-ouro-no-individual-geral","status":"publish","type":"post","link":"https:\/\/diarioregionaldigital.com.br\/?p=206197","title":{"rendered":"Rebeca Andrade conquista o ouro no individual geral"},"content":{"rendered":"<p>Rebeca Andrade deu mais uma prova de que \u00e9 o maior nome da gin\u00e1stica brasileira na atualidade, pois conquistou, na tarde desta quinta-feira (3), o t\u00edtulo do individual geral do Mundial de Gin\u00e1stica Art\u00edstica disputado em Liverpool (Inglaterra).<img decoding=\"async\" src=\"https:\/\/agenciabrasil.ebc.com.br\/ebc.png?id=1492148&amp;o=node\" \/><img decoding=\"async\" src=\"https:\/\/agenciabrasil.ebc.com.br\/ebc.gif?id=1492148&amp;o=node\" \/><\/p>\n<p>Para garantir a conquista, a brasileira somou o total de 56,899 pontos, com destaque para os 15,166 pontos obtidos no salto, aparelho no qual j\u00e1 havia garantido outra medalha dourada na \u00faltima edi\u00e7\u00e3o do Mundial, em 2021 em Kitakyushu (Jap\u00e3o), e no qual a atleta do Flamengo \u00e9 a atual detentora do ouro ol\u00edmpico (em T\u00f3quio, Rebeca tamb\u00e9m levou para casa uma prata no individual geral).<\/p>\n<p>Depois da \u00f3tima performance no salto, a atleta de 23 anos teve uma boa atua\u00e7\u00e3o na barra que lhe garantiu 13,800 pontos. O terceiro aparelho foi a trave, no qual somou 13,533. Depois a brasileira voltou a apresentar a coreografia do Baile de Favela para fechar a decis\u00e3o com 14,400 pontos e o t\u00edtulo mundial.<\/p>\n<p>Ap\u00f3s o ouro no individual geral, Rebeca Andrade tem a possibilidade de garantir mais tr\u00eas medalhas no Mundial de Liverpool no decorrer do pr\u00f3ximo final de semana, quando disputa as finais na barra, na trave e no solo.<\/p>\n<p><span style=\"font-weight: 400;\">Fonte: \u00a0 Ag\u00eancia Brasil <\/span><\/p>\n","protected":false},"excerpt":{"rendered":"<p>Rebeca Andrade deu mais uma prova de que \u00e9 o maior nome da gin\u00e1stica brasileira na atualidade, pois conquistou, na tarde desta quinta-feira (3), o t\u00edtulo do individual geral do Mundial de Gin\u00e1stica Art\u00edstica disputado em Liverpool (Inglaterra). Para garantir a conquista, a brasileira somou o total de 56,899 pontos, com destaque para os 15,166 [&hellip;]<\/p>\n","protected":false},"author":246,"featured_media":206198,"comment_status":"closed","ping_status":"closed","sticky":false,"template":"","format":"standard","meta":{"footnotes":""},"categories":[436,440,257,439],"tags":[],"class_list":["post-206197","post","type-post","status-publish","format-standard","has-post-thumbnail","hentry","category-destaque-da-semana","category-destaques-do-dia","category-esporte","category-ultima-hora"],"_links":{"self":[{"href":"https:\/\/diarioregionaldigital.com.br\/index.php?rest_route=\/wp\/v2\/posts\/206197","targetHints":{"allow":["GET"]}}],"collection":[{"href":"https:\/\/diarioregionaldigital.com.br\/index.php?rest_route=\/wp\/v2\/posts"}],"about":[{"href":"https:\/\/diarioregionaldigital.com.br\/index.php?rest_route=\/wp\/v2\/types\/post"}],"author":[{"embeddable":true,"href":"https:\/\/diarioregionaldigital.com.br\/index.php?rest_route=\/wp\/v2\/users\/246"}],"replies":[{"embeddable":true,"href":"https:\/\/diarioregionaldigital.com.br\/index.php?rest_route=%2Fwp%2Fv2%2Fcomments&post=206197"}],"version-history":[{"count":1,"href":"https:\/\/diarioregionaldigital.com.br\/index.php?rest_route=\/wp\/v2\/posts\/206197\/revisions"}],"predecessor-version":[{"id":206199,"href":"https:\/\/diarioregionaldigital.com.br\/index.php?rest_route=\/wp\/v2\/posts\/206197\/revisions\/206199"}],"wp:featuredmedia":[{"embeddable":true,"href":"https:\/\/diarioregionaldigital.com.br\/index.php?rest_route=\/wp\/v2\/media\/206198"}],"wp:attachment":[{"href":"https:\/\/diarioregionaldigital.com.br\/index.php?rest_route=%2Fwp%2Fv2%2Fmedia&parent=206197"}],"wp:term":[{"taxonomy":"category","embeddable":true,"href":"https:\/\/diarioregionaldigital.com.br\/index.php?rest_route=%2Fwp%2Fv2%2Fcategories&post=206197"},{"taxonomy":"post_tag","embeddable":true,"href":"https:\/\/diarioregionaldigital.com.br\/index.php?rest_route=%2Fwp%2Fv2%2Ftags&post=206197"}],"curies":[{"name":"wp","href":"https:\/\/api.w.org\/{rel}","templated":true}]}}