{"id":206194,"date":"2022-11-03T19:59:29","date_gmt":"2022-11-03T22:59:29","guid":{"rendered":"https:\/\/diarioregionaldigital.com.br\/?p=206194"},"modified":"2022-11-03T19:59:29","modified_gmt":"2022-11-03T22:59:29","slug":"tcu-apresenta-comite-de-transicao-da-corte-a-ministros-do-governo","status":"publish","type":"post","link":"https:\/\/diarioregionaldigital.com.br\/?p=206194","title":{"rendered":"TCU apresenta comit\u00ea de transi\u00e7\u00e3o da corte a ministros do governo"},"content":{"rendered":"<p>O Tribunal de Contas da Uni\u00e3o (TCU) apresentou a ministros do governo Jair Bolsonaro os integrantes do comit\u00ea do \u00f3rg\u00e3o que acompanhar\u00e1 o processo de transi\u00e7\u00e3o para o governo do presidente eleito Luiz In\u00e1cio Lula da Silva, que tomar\u00e1 posse em 1\u00ba de janeiro de 2023. Participaram da reuni\u00e3o na sede do TCU, na manh\u00e3 de\u00a0<span id=\"OBJ_PREFIX_DWT195_com_zimbra_date\" role=\"link\">hoje<\/span>\u00a0(3), o ministro da Economia, Paulo Guedes, e o ministro-chefe da Casa Civil da Presid\u00eancia, Ciro Nogueira.\u00a0<img decoding=\"async\" src=\"https:\/\/agenciabrasil.ebc.com.br\/ebc.png?id=1492072&amp;o=node\" \/><img decoding=\"async\" src=\"https:\/\/agenciabrasil.ebc.com.br\/ebc.gif?id=1492072&amp;o=node\" \/><\/p>\n<p>Pelo TCU, estavam presentes no encontro o presidente em exerc\u00edcio da Corte, ministro Bruno Dantas, que coordena o comit\u00ea, e o ministro Antonio Anastasia, que ser\u00e1 o relator desse processo de acompanhamento. Tamb\u00e9m integram o grupo, os ministros Vital do R\u00eago, relator das contas do presidente da Rep\u00fablica em 2023, e Jorge Oliveira, relator das contas de 2022.<\/p>\n<p>\u201cH\u00e1, evidentemente, uma grande receptividade por parte da equipe do atual governo, que quer fornecer as informa\u00e7\u00f5es, e eu acredito que assim vai correr de forma muito serena e tranquila\u201d, disse o ministro Anastasia, em entrevista a\u00a0jornalistas ap\u00f3s a reuni\u00e3o.<\/p>\n<p>Segundo ele, o papel do tribunal\u00a0ser\u00e1 fazer valer a legisla\u00e7\u00e3o e velar para que as informa\u00e7\u00f5es \u201cfluam de maneira oportuna, no tempo adequado e que sejam de fato aquelas que foram solicitadas\u201d.<\/p>\n<p>Esta \u00e9 a primeira vez que o TCU forma uma comiss\u00e3o para acompanhar o processo de transi\u00e7\u00e3o entre governos. O processo de transi\u00e7\u00e3o tem prazo de\u00a090 dias.<\/p>\n<p>De acordo com a legisla\u00e7\u00e3o, \u00e9 no\u00a0<a href=\"https:\/\/agenciabrasil.ebc.com.br\/politica\/noticia\/2022-11\/abr-explica-como-funciona-transicao-de-governo\" target=\"_blank\" rel=\"noopener\">per\u00edodo de transi\u00e7\u00e3o<\/a>\u00a0que a equipe do atual governo oferece as informa\u00e7\u00f5es do andamento da administra\u00e7\u00e3o do pa\u00eds a uma equipe indicada pelo presidente eleito. Os termos est\u00e3o dispostos na\u00a0<a href=\"https:\/\/www.planalto.gov.br\/ccivil_03\/leis\/2002\/l10609.htm\" target=\"_blank\" rel=\"noopener\">Lei n\u00ba 10.609, de 2002<\/a>, e no\u00a0<a href=\"http:\/\/www.planalto.gov.br\/ccivil_03\/_ato2007-2010\/2010\/decreto\/d7221.htm\" target=\"_blank\" rel=\"noopener\">Decreto 7.221, de 2010<\/a>. Entre essas informa\u00e7\u00f5es est\u00e1, por exemplo, a quest\u00e3o econ\u00f4mica como as despesas, d\u00edvidas e receitas dos cofres da Uni\u00e3o.<\/p>\n<p>Ainda\u00a0<span id=\"OBJ_PREFIX_DWT199_com_zimbra_date\" role=\"link\">hoje<\/span>, o presidente em exerc\u00edcio do TCU, Bruno Dantas, recebe o vice-presidente eleito, Geraldo Alckmin, que \u00e9 o respons\u00e1vel por\u00a0<a href=\"https:\/\/agenciabrasil.ebc.com.br\/politica\/noticia\/2022-11\/alckmin-sera-o-coordenador-da-equipe-de-transicao-do-governo-lula\" target=\"_blank\" rel=\"noopener\">coordenar a equipe de transi\u00e7\u00e3o do novo governo<\/a>.<\/p>\n<p>O in\u00edcio dos atos de transi\u00e7\u00e3o depende de um pedido da equipe que assumir\u00e1 a Presid\u00eancia. Desse modo, nesta tarde, Alckmin tamb\u00e9m se encontra com Ciro Nogueira e Paulo Guedes, no Pal\u00e1cio do Planalto.<\/p>\n<p><span style=\"font-weight: 400;\">\u00a0<\/span><span style=\"font-weight: 400;\"><br \/>\n<\/span><span style=\"font-weight: 400;\">Fonte: \u00a0 Ag\u00eancia Brasil <\/span><\/p>\n","protected":false},"excerpt":{"rendered":"<p>O Tribunal de Contas da Uni\u00e3o (TCU) apresentou a ministros do governo Jair Bolsonaro os integrantes do comit\u00ea do \u00f3rg\u00e3o que acompanhar\u00e1 o processo de transi\u00e7\u00e3o para o governo do presidente eleito Luiz In\u00e1cio Lula da Silva, que tomar\u00e1 posse em 1\u00ba de janeiro de 2023. Participaram da reuni\u00e3o na sede do TCU, na manh\u00e3 [&hellip;]<\/p>\n","protected":false},"author":246,"featured_media":206195,"comment_status":"closed","ping_status":"closed","sticky":false,"template":"","format":"standard","meta":{"footnotes":""},"categories":[436,254,439],"tags":[],"class_list":["post-206194","post","type-post","status-publish","format-standard","has-post-thumbnail","hentry","category-destaque-da-semana","category-politica","category-ultima-hora"],"_links":{"self":[{"href":"https:\/\/diarioregionaldigital.com.br\/index.php?rest_route=\/wp\/v2\/posts\/206194","targetHints":{"allow":["GET"]}}],"collection":[{"href":"https:\/\/diarioregionaldigital.com.br\/index.php?rest_route=\/wp\/v2\/posts"}],"about":[{"href":"https:\/\/diarioregionaldigital.com.br\/index.php?rest_route=\/wp\/v2\/types\/post"}],"author":[{"embeddable":true,"href":"https:\/\/diarioregionaldigital.com.br\/index.php?rest_route=\/wp\/v2\/users\/246"}],"replies":[{"embeddable":true,"href":"https:\/\/diarioregionaldigital.com.br\/index.php?rest_route=%2Fwp%2Fv2%2Fcomments&post=206194"}],"version-history":[{"count":1,"href":"https:\/\/diarioregionaldigital.com.br\/index.php?rest_route=\/wp\/v2\/posts\/206194\/revisions"}],"predecessor-version":[{"id":206196,"href":"https:\/\/diarioregionaldigital.com.br\/index.php?rest_route=\/wp\/v2\/posts\/206194\/revisions\/206196"}],"wp:featuredmedia":[{"embeddable":true,"href":"https:\/\/diarioregionaldigital.com.br\/index.php?rest_route=\/wp\/v2\/media\/206195"}],"wp:attachment":[{"href":"https:\/\/diarioregionaldigital.com.br\/index.php?rest_route=%2Fwp%2Fv2%2Fmedia&parent=206194"}],"wp:term":[{"taxonomy":"category","embeddable":true,"href":"https:\/\/diarioregionaldigital.com.br\/index.php?rest_route=%2Fwp%2Fv2%2Fcategories&post=206194"},{"taxonomy":"post_tag","embeddable":true,"href":"https:\/\/diarioregionaldigital.com.br\/index.php?rest_route=%2Fwp%2Fv2%2Ftags&post=206194"}],"curies":[{"name":"wp","href":"https:\/\/api.w.org\/{rel}","templated":true}]}}