{"id":206191,"date":"2022-11-03T19:58:10","date_gmt":"2022-11-03T22:58:10","guid":{"rendered":"https:\/\/diarioregionaldigital.com.br\/?p=206191"},"modified":"2022-11-03T19:58:10","modified_gmt":"2022-11-03T22:58:10","slug":"presidente-do-stf-diz-que-democracia-saiu-fortalecida-das-eleicoes","status":"publish","type":"post","link":"https:\/\/diarioregionaldigital.com.br\/?p=206191","title":{"rendered":"Presidente do STF diz que democracia saiu fortalecida das elei\u00e7\u00f5es"},"content":{"rendered":"<p>A presidente do Supremo Tribunal Federal (STF), ministra Rosa Weber, disse hoje (30) que a democracia brasileira saiu fortalecida das elei\u00e7\u00f5es. Na primeira sess\u00e3o da Corte ap\u00f3s o segundo turno das elei\u00e7\u00f5es, a ministra cumprimentou a Justi\u00e7a Eleitoral pela condu\u00e7\u00e3o do pleito e afirmou que a vontade popular foi respeitada.<img decoding=\"async\" src=\"https:\/\/agenciabrasil.ebc.com.br\/ebc.png?id=1492094&amp;o=node\" \/><img decoding=\"async\" src=\"https:\/\/agenciabrasil.ebc.com.br\/ebc.gif?id=1492094&amp;o=node\" \/><\/p>\n<p>Para a presidente do STF, a Justi\u00e7a Eleitoral garantiu a normalidade do pleito e legitimou o resultado da vota\u00e7\u00e3o. \u201cSaiu fortalecida nossa democracia, sa\u00edram fortalecidas nossas institui\u00e7\u00f5es democr\u00e1ticas, saiu fortalecido nosso Estado Democr\u00e1tico do Direito, que esse STF continuar\u00e1 a defender de forma intransigente enquanto guardi\u00e3o da nossa Constitui\u00e7\u00e3o\u201d, afirmou.<\/p>\n<p>Ao receber os cumprimentos, o presidente do Tribunal Superior Eleitoral (TSE), Alexandre de Moraes, que tamb\u00e9m \u00e9 membro do Supremo, disse que os eleitores demonstraram confian\u00e7a na Justi\u00e7a Eleitoral e nas urnas eletr\u00f4nicas.<\/p>\n<p><a href=\"https:\/\/agenciabrasil.ebc.com.br\/politica\/noticia\/2022-10\/com-9881-das-urnas-apuradas-lula-esta-matematicamente-eleito\" target=\"_blank\" rel=\"noopener\">Moraes disse que, em menos de tr\u00eas\u00a0horas ap\u00f3s o fim da vota\u00e7\u00e3o<\/a>\u00a0no segundo turno, cerca de 123 milh\u00f5es de votos foram apurados e o resultado foi proclamado.<\/p>\n<p>O ministro ressaltou ainda que todas as miss\u00f5es internacionais que atuaram como observadoras das elei\u00e7\u00f5es atestaram a transpar\u00eancia do pleito.<\/p>\n<p>\u201cAs elei\u00e7\u00f5es acabaram. As elei\u00e7\u00f5es acabaram no domingo e o resultado foi proclamado. Democraticamente, o povo escolheu o presidente e vice-presidente da Rep\u00fablica, al\u00e9m dos demais governadores. At\u00e9 o dia 19 de dezembro ser\u00e3o diplomados e dia 1\u00ba de janeiro tomar\u00e3o posse. Isso \u00e9 democracia, e a democracia novamente venceu no Brasil\u201d, concluiu.<\/p>\n<p><span style=\"font-weight: 400;\">Fonte: \u00a0 Ag\u00eancia Brasil <\/span><\/p>\n","protected":false},"excerpt":{"rendered":"<p>A presidente do Supremo Tribunal Federal (STF), ministra Rosa Weber, disse hoje (30) que a democracia brasileira saiu fortalecida das elei\u00e7\u00f5es. Na primeira sess\u00e3o da Corte ap\u00f3s o segundo turno das elei\u00e7\u00f5es, a ministra cumprimentou a Justi\u00e7a Eleitoral pela condu\u00e7\u00e3o do pleito e afirmou que a vontade popular foi respeitada. Para a presidente do STF, [&hellip;]<\/p>\n","protected":false},"author":246,"featured_media":206192,"comment_status":"closed","ping_status":"closed","sticky":false,"template":"","format":"standard","meta":{"footnotes":""},"categories":[436,254,439],"tags":[],"class_list":["post-206191","post","type-post","status-publish","format-standard","has-post-thumbnail","hentry","category-destaque-da-semana","category-politica","category-ultima-hora"],"_links":{"self":[{"href":"https:\/\/diarioregionaldigital.com.br\/index.php?rest_route=\/wp\/v2\/posts\/206191","targetHints":{"allow":["GET"]}}],"collection":[{"href":"https:\/\/diarioregionaldigital.com.br\/index.php?rest_route=\/wp\/v2\/posts"}],"about":[{"href":"https:\/\/diarioregionaldigital.com.br\/index.php?rest_route=\/wp\/v2\/types\/post"}],"author":[{"embeddable":true,"href":"https:\/\/diarioregionaldigital.com.br\/index.php?rest_route=\/wp\/v2\/users\/246"}],"replies":[{"embeddable":true,"href":"https:\/\/diarioregionaldigital.com.br\/index.php?rest_route=%2Fwp%2Fv2%2Fcomments&post=206191"}],"version-history":[{"count":1,"href":"https:\/\/diarioregionaldigital.com.br\/index.php?rest_route=\/wp\/v2\/posts\/206191\/revisions"}],"predecessor-version":[{"id":206193,"href":"https:\/\/diarioregionaldigital.com.br\/index.php?rest_route=\/wp\/v2\/posts\/206191\/revisions\/206193"}],"wp:featuredmedia":[{"embeddable":true,"href":"https:\/\/diarioregionaldigital.com.br\/index.php?rest_route=\/wp\/v2\/media\/206192"}],"wp:attachment":[{"href":"https:\/\/diarioregionaldigital.com.br\/index.php?rest_route=%2Fwp%2Fv2%2Fmedia&parent=206191"}],"wp:term":[{"taxonomy":"category","embeddable":true,"href":"https:\/\/diarioregionaldigital.com.br\/index.php?rest_route=%2Fwp%2Fv2%2Fcategories&post=206191"},{"taxonomy":"post_tag","embeddable":true,"href":"https:\/\/diarioregionaldigital.com.br\/index.php?rest_route=%2Fwp%2Fv2%2Ftags&post=206191"}],"curies":[{"name":"wp","href":"https:\/\/api.w.org\/{rel}","templated":true}]}}