{"id":206188,"date":"2022-11-03T19:49:54","date_gmt":"2022-11-03T22:49:54","guid":{"rendered":"https:\/\/diarioregionaldigital.com.br\/?p=206188"},"modified":"2022-11-03T19:49:54","modified_gmt":"2022-11-03T22:49:54","slug":"lula-e-alckmin-serao-diplomados-ate-19-de-dezembro","status":"publish","type":"post","link":"https:\/\/diarioregionaldigital.com.br\/?p=206188","title":{"rendered":"Lula e Alckmin ser\u00e3o diplomados at\u00e9 19 de dezembro"},"content":{"rendered":"<p>O presidente do Tribunal Superior Eleitoral (TSE), ministro Alexandre de Moraes, disse hoje (3) que o presidente da Rep\u00fablica eleito Luiz In\u00e1cio Lula da Silva e o vice, Geraldo Alckmin, ser\u00e3o diplomados at\u00e9 19 de dezembro.<img decoding=\"async\" src=\"https:\/\/agenciabrasil.ebc.com.br\/ebc.png?id=1492115&amp;o=node\" \/><img decoding=\"async\" src=\"https:\/\/agenciabrasil.ebc.com.br\/ebc.gif?id=1492115&amp;o=node\" \/><\/p>\n<p>\u201cAs elei\u00e7\u00f5es acabaram. O segundo turno acabou democraticamente no \u00faltimo domingo [30], e o TSE proclamou os vencedores, que ser\u00e3o diplomados at\u00e9 19 de dezembro e tomar\u00e3o posse em 1\u00ba de janeiro de 2023\u201d, afirmou Moraes perto do fim da sess\u00e3o plen\u00e1ria que a Corte realizou nesta quinta-feira.<\/p>\n<p>Ao destacar a participa\u00e7\u00e3o dos eleitores e a rapidez com que o TSE anunciou o resultado do pleito, Moraes declarou que \u201ca democracia venceu novamente no Brasil\u201d. O ministro alertou que quem usar de estrat\u00e9gias il\u00edcitas para questionar a vontade da maioria dos eleitores ser\u00e1 identificado e punido.<\/p>\n<p>\u201cIsto \u00e9 democracia, \u00e9 altern\u00e2ncia de poder, \u00e9 estado republicano. N\u00e3o h\u00e1 como contestar um resultado democraticamente divulgado com movimentos il\u00edcitos, antidemocr\u00e1ticos, criminosos. Estes ser\u00e3o combatidos e os respons\u00e1veis, apurados e responsabilizados sob a pena da lei\u201d, afirmou Moraes, ao lembrar que observadores internacionais e t\u00e9cnicos do Tribunal de Contas da Uni\u00e3o que auditaram cerca de 4.161 boletins de urnas atestaram a legalidade do processo eleitoral brasileiro e a seguran\u00e7a das urnas eletr\u00f4nicas.<\/p>\n<p>\u201cMais uma vez, as miss\u00f5es de observa\u00e7\u00e3o eleitoral soltaram suas notas e, novamente, reiteraram a total confiabilidade no sistema eleitoral brasileiro e nas urnas eletr\u00f4nicas. A miss\u00e3o da OEA [Organiza\u00e7\u00e3o dos Estados Americanos] sublinhou que, \u201cmais uma vez, o TSE demonstrou seu alto n\u00edvel de profissionalismo e solidez, o que lhe permitiu realizar com sucesso um processo eleitoral em um contexto complexo, marcado pela polariza\u00e7\u00e3o, desinforma\u00e7\u00e3o e ataques \u00e0s institui\u00e7\u00f5es eleitorais\u201d, concluiu o ministro.<\/p>\n<h2>Diploma\u00e7\u00e3o<\/h2>\n<p>Durante a cerim\u00f4nia de diploma\u00e7\u00e3o, o TSE atesta que os candidatos \u00e0 Presid\u00eancia da Rep\u00fablica e \u00e0 Vice-Presid\u00eancia foram efetivamente eleitos e est\u00e3o aptos a tomar posse nos cargos. A entrega dos diplomas s\u00f3 \u00e9 concretizada ap\u00f3s o t\u00e9rmino do prazo de questionamento legal do resultado e de processamento final do resultado das elei\u00e7\u00f5es.<\/p>\n<p>No caso de governadores, senadores, deputados federais, estaduais ou distritais e suplentes, a diploma\u00e7\u00e3o \u00e9 feita pelos tribunais regionais eleitorais dos 26 estados e do Distrito Federal, que tamb\u00e9m devem observar a data limite de 19 de dezembro.<\/p>\n<p>N\u00e3o podem ser diplomados candidatos do sexo masculino que n\u00e3o apresentarem o documento de quita\u00e7\u00e3o com o servi\u00e7o militar obrigat\u00f3rio, nem os eleitos cujo registro de candidatura tenha sido indeferido, mesmo que ainda aguardem a decis\u00e3o final.<\/p>\n<p><span style=\"font-weight: 400;\">Fonte: \u00a0 Ag\u00eancia Brasil <\/span><\/p>\n","protected":false},"excerpt":{"rendered":"<p>O presidente do Tribunal Superior Eleitoral (TSE), ministro Alexandre de Moraes, disse hoje (3) que o presidente da Rep\u00fablica eleito Luiz In\u00e1cio Lula da Silva e o vice, Geraldo Alckmin, ser\u00e3o diplomados at\u00e9 19 de dezembro. \u201cAs elei\u00e7\u00f5es acabaram. O segundo turno acabou democraticamente no \u00faltimo domingo [30], e o TSE proclamou os vencedores, que [&hellip;]<\/p>\n","protected":false},"author":246,"featured_media":206189,"comment_status":"closed","ping_status":"closed","sticky":false,"template":"","format":"standard","meta":{"footnotes":""},"categories":[436,254,439],"tags":[],"class_list":["post-206188","post","type-post","status-publish","format-standard","has-post-thumbnail","hentry","category-destaque-da-semana","category-politica","category-ultima-hora"],"_links":{"self":[{"href":"https:\/\/diarioregionaldigital.com.br\/index.php?rest_route=\/wp\/v2\/posts\/206188","targetHints":{"allow":["GET"]}}],"collection":[{"href":"https:\/\/diarioregionaldigital.com.br\/index.php?rest_route=\/wp\/v2\/posts"}],"about":[{"href":"https:\/\/diarioregionaldigital.com.br\/index.php?rest_route=\/wp\/v2\/types\/post"}],"author":[{"embeddable":true,"href":"https:\/\/diarioregionaldigital.com.br\/index.php?rest_route=\/wp\/v2\/users\/246"}],"replies":[{"embeddable":true,"href":"https:\/\/diarioregionaldigital.com.br\/index.php?rest_route=%2Fwp%2Fv2%2Fcomments&post=206188"}],"version-history":[{"count":1,"href":"https:\/\/diarioregionaldigital.com.br\/index.php?rest_route=\/wp\/v2\/posts\/206188\/revisions"}],"predecessor-version":[{"id":206190,"href":"https:\/\/diarioregionaldigital.com.br\/index.php?rest_route=\/wp\/v2\/posts\/206188\/revisions\/206190"}],"wp:featuredmedia":[{"embeddable":true,"href":"https:\/\/diarioregionaldigital.com.br\/index.php?rest_route=\/wp\/v2\/media\/206189"}],"wp:attachment":[{"href":"https:\/\/diarioregionaldigital.com.br\/index.php?rest_route=%2Fwp%2Fv2%2Fmedia&parent=206188"}],"wp:term":[{"taxonomy":"category","embeddable":true,"href":"https:\/\/diarioregionaldigital.com.br\/index.php?rest_route=%2Fwp%2Fv2%2Fcategories&post=206188"},{"taxonomy":"post_tag","embeddable":true,"href":"https:\/\/diarioregionaldigital.com.br\/index.php?rest_route=%2Fwp%2Fv2%2Ftags&post=206188"}],"curies":[{"name":"wp","href":"https:\/\/api.w.org\/{rel}","templated":true}]}}