{"id":206184,"date":"2022-11-03T19:47:12","date_gmt":"2022-11-03T22:47:12","guid":{"rendered":"https:\/\/diarioregionaldigital.com.br\/?p=206184"},"modified":"2022-11-03T19:47:12","modified_gmt":"2022-11-03T22:47:12","slug":"transicao-de-governo-comeca-na-proxima-segunda-feira","status":"publish","type":"post","link":"https:\/\/diarioregionaldigital.com.br\/?p=206184","title":{"rendered":"Transi\u00e7\u00e3o de governo come\u00e7a na pr\u00f3xima segunda-feira"},"content":{"rendered":"<p>O vice-presidente eleito, Geraldo Alckmin, se encontrou no in\u00edcio da tarde desta quinta-feira (3) com o ministro da Casa Civil, Ciro Nogueira, no Pal\u00e1cio do Planalto, na primeira reuni\u00e3o para tratar da transi\u00e7\u00e3o de governo.<img decoding=\"async\" src=\"https:\/\/agenciabrasil.ebc.com.br\/ebc.png?id=1492100&amp;o=node\" \/><img decoding=\"async\" src=\"https:\/\/agenciabrasil.ebc.com.br\/ebc.gif?id=1492100&amp;o=node\" \/><\/p>\n<p>&#8220;N\u00f3s deveremos come\u00e7ar a partir de segunda-feira da pr\u00f3xima semana [a transi\u00e7\u00e3o do governo]. Ent\u00e3o, todo o fluxo de informa\u00e7\u00f5es tamb\u00e9m foi conversado. N\u00f3s vamos encaminh\u00e1-las todas para o ministro Ciro Nogueira, para Casa Civil, e a transi\u00e7\u00e3o instalada, com o objetivo da transpar\u00eancia, do planejamento, de continuidade dos servi\u00e7os prestados \u00e0 popula\u00e7\u00e3o e que a gente possa, nesse per\u00edodo, ter todas as informa\u00e7\u00f5es e poder dar continuidade aos servi\u00e7os, n\u00e3o interromp\u00ea-los e de outra forma, nos prepararmos para a posse no dia 1\u00ba [de janeiro]&#8221;, disse Alckmin.<\/p>\n<p>De acordo com Geraldo Alckmin, a partir de segunda-feira (7) come\u00e7ar\u00e3o uma s\u00e9rie de reuni\u00f5es de trabalho. De acordo com a legisla\u00e7\u00e3o, 50 pessoas podem ser nomeadas para atuar no per\u00edodo de transi\u00e7\u00e3o, grupo que pode ter ainda servidores federais e volunt\u00e1rios. Os nomes, segundo o vice-presidente eleito, tamb\u00e9m devem come\u00e7ar a ser anunciados na segunda-feira.<\/p>\n<p>&#8220;A partir de segunda-feira (7), depois que a gente fizer reuni\u00e3o com presidente Lula, a gente come\u00e7a a divulgar os nomes da transi\u00e7\u00e3o&#8221;, informou.<\/p>\n<p>Partidos que apoiaram a candidatura de Lula indicar\u00e3o nomes para compor a equipe de transi\u00e7\u00e3o. Segundo Alckmin, tamb\u00e9m haver\u00e1 conversas com pol\u00edticos e partidos que aderiram apenas no segundo turno, como Simone Tebet (MDB) e o PDT. No primeiro turno, dez siglas compuseram a coliga\u00e7\u00e3o nacional em apoio \u00e0 candidatura de Luiz In\u00e1cio Lula da Silva: Federa\u00e7\u00e3o Brasil da Esperan\u00e7a (PT, PV e PCdoB), Federa\u00e7\u00e3o PSOL\/Rede (PSOL e Rede), PSB, Solidariedade, Pros, Avante e Agir. No segundo turno, partidos como PDT e Cidadania tamb\u00e9m aderiram \u00e0 campanha.<\/p>\n<h2>Or\u00e7amento 2023<\/h2>\n<p>Na manh\u00e3 desta quinta-feira, o vice-presidente eleito, Geraldo Alckmin, integrantes da equipe de transi\u00e7\u00e3o e parlamentares petistas estiveram reunidos com o relator geral da Comiss\u00e3o Mista de Or\u00e7amento, senador Marcelo Castro (MDB-PI).<\/p>\n<p><a href=\"https:\/\/agenciabrasil.ebc.com.br\/politica\/noticia\/2022-11\/transicao-propoe-pec-para-viabilizar-propostas-de-campanha-de-lula\" target=\"_blank\" rel=\"noopener\">Uma proposta de emenda \u00e0 Constitui\u00e7\u00e3o<\/a>, que est\u00e1 sendo chamada de PEC Emergencial de Transi\u00e7\u00e3o, \u00e9 a aposta do presidente eleito, Luiz In\u00e1cio Lula da Silva, para viabilizar o pagamento de promessas da campanha, como o Aux\u00edlio Brasil de R$ 600, a partir de janeiro de 2023. O texto, que ser\u00e1 constru\u00eddo at\u00e9 a pr\u00f3xima ter\u00e7a-feira (8), flexibiliza o teto de gastos com despesas inadi\u00e1veis, como o programa de transfer\u00eancia de renda.<\/p>\n<p>O senador Marcelo Castro disse que as promessas de campanha de Lula n\u00e3o cabem na proposta or\u00e7ament\u00e1ria para 2023, montada pelo governo de Jair Bolsonaro. &#8220;Todos sabem que n\u00e3o tem recurso para Farm\u00e1cia Popular e que foram cortados recursos da sa\u00fade ind\u00edgena, dos imunobiol\u00f3gicos e das vacinas. O Or\u00e7amento j\u00e1 \u00e9 deficit\u00e1rio por si pr\u00f3prio. Pelo nono ano consecutivo, estamos fazendo Or\u00e7amento com d\u00e9ficit de aproximadamente R$ 65 bilh\u00f5es&#8221;, disse.<\/p>\n<p><span style=\"font-weight: 400;\">\u00a0<\/span><span style=\"font-weight: 400;\"><br \/>\n<\/span><span style=\"font-weight: 400;\">Fonte: \u00a0 Ag\u00eancia Brasil <\/span><\/p>\n","protected":false},"excerpt":{"rendered":"<p>O vice-presidente eleito, Geraldo Alckmin, se encontrou no in\u00edcio da tarde desta quinta-feira (3) com o ministro da Casa Civil, Ciro Nogueira, no Pal\u00e1cio do Planalto, na primeira reuni\u00e3o para tratar da transi\u00e7\u00e3o de governo. &#8220;N\u00f3s deveremos come\u00e7ar a partir de segunda-feira da pr\u00f3xima semana [a transi\u00e7\u00e3o do governo]. Ent\u00e3o, todo o fluxo de informa\u00e7\u00f5es [&hellip;]<\/p>\n","protected":false},"author":246,"featured_media":206185,"comment_status":"closed","ping_status":"closed","sticky":false,"template":"","format":"standard","meta":{"footnotes":""},"categories":[436,440,254,439],"tags":[],"class_list":["post-206184","post","type-post","status-publish","format-standard","has-post-thumbnail","hentry","category-destaque-da-semana","category-destaques-do-dia","category-politica","category-ultima-hora"],"_links":{"self":[{"href":"https:\/\/diarioregionaldigital.com.br\/index.php?rest_route=\/wp\/v2\/posts\/206184","targetHints":{"allow":["GET"]}}],"collection":[{"href":"https:\/\/diarioregionaldigital.com.br\/index.php?rest_route=\/wp\/v2\/posts"}],"about":[{"href":"https:\/\/diarioregionaldigital.com.br\/index.php?rest_route=\/wp\/v2\/types\/post"}],"author":[{"embeddable":true,"href":"https:\/\/diarioregionaldigital.com.br\/index.php?rest_route=\/wp\/v2\/users\/246"}],"replies":[{"embeddable":true,"href":"https:\/\/diarioregionaldigital.com.br\/index.php?rest_route=%2Fwp%2Fv2%2Fcomments&post=206184"}],"version-history":[{"count":1,"href":"https:\/\/diarioregionaldigital.com.br\/index.php?rest_route=\/wp\/v2\/posts\/206184\/revisions"}],"predecessor-version":[{"id":206187,"href":"https:\/\/diarioregionaldigital.com.br\/index.php?rest_route=\/wp\/v2\/posts\/206184\/revisions\/206187"}],"wp:featuredmedia":[{"embeddable":true,"href":"https:\/\/diarioregionaldigital.com.br\/index.php?rest_route=\/wp\/v2\/media\/206185"}],"wp:attachment":[{"href":"https:\/\/diarioregionaldigital.com.br\/index.php?rest_route=%2Fwp%2Fv2%2Fmedia&parent=206184"}],"wp:term":[{"taxonomy":"category","embeddable":true,"href":"https:\/\/diarioregionaldigital.com.br\/index.php?rest_route=%2Fwp%2Fv2%2Fcategories&post=206184"},{"taxonomy":"post_tag","embeddable":true,"href":"https:\/\/diarioregionaldigital.com.br\/index.php?rest_route=%2Fwp%2Fv2%2Ftags&post=206184"}],"curies":[{"name":"wp","href":"https:\/\/api.w.org\/{rel}","templated":true}]}}