{"id":206181,"date":"2022-11-03T19:38:39","date_gmt":"2022-11-03T22:38:39","guid":{"rendered":"https:\/\/diarioregionaldigital.com.br\/?p=206181"},"modified":"2022-11-03T19:38:39","modified_gmt":"2022-11-03T22:38:39","slug":"confianca-do-empresario-do-comercio-cresce-07","status":"publish","type":"post","link":"https:\/\/diarioregionaldigital.com.br\/?p=206181","title":{"rendered":"Confian\u00e7a do empres\u00e1rio do com\u00e9rcio cresce 0,7%"},"content":{"rendered":"<p>O \u00cdndice de Confian\u00e7a do Empres\u00e1rio do Com\u00e9rcio (Icec) cresceu 0,7% em outubro na compara\u00e7\u00e3o com setembro. A alta veio depois de duas quedas consecutivas do indicador, medido pela Confedera\u00e7\u00e3o Nacional do Com\u00e9rcio de Bens, Servi\u00e7os e Turismo (CNC).<img decoding=\"async\" src=\"https:\/\/agenciabrasil.ebc.com.br\/ebc.png?id=1492032&amp;o=node\" \/><img decoding=\"async\" src=\"https:\/\/agenciabrasil.ebc.com.br\/ebc.gif?id=1492032&amp;o=node\" \/><\/p>\n<p>Com o resultado, o Icec chegou a 129,7 pontos em uma escala de zero a 200 pontos. A alta foi puxada pela confian\u00e7a no presente e pelas expectativas em rela\u00e7\u00e3o ao futuro, ambas com alta de 0,9%.<\/p>\n<p>Os componentes que mais contribu\u00edram para a alta do Icec foram as condi\u00e7\u00f5es atuais da economia (3,8%) e as expectativas em rela\u00e7\u00e3o \u00e0 economia (2%).<\/p>\n<p>As inten\u00e7\u00f5es de investimentos tiveram queda de 0,3%, devido ao recuo de 1% na contrata\u00e7\u00e3o de funcion\u00e1rios e nos investimentos nas empresas.<\/p>\n<p>Na compara\u00e7\u00e3o com outubro de 2021, o Icec subiu 8,8%, com altas de 13,4% na percep\u00e7\u00e3o sobre as condi\u00e7\u00f5es atuais, de 5,5% nas expectativas e de 9,2% nas inten\u00e7\u00f5es de investimentos.<\/p>\n<p><span style=\"font-weight: 400;\">\u00a0<\/span><span style=\"font-weight: 400;\"><br \/>\n<\/span><span style=\"font-weight: 400;\">Fonte: \u00a0 Ag\u00eancia Brasil <\/span><\/p>\n","protected":false},"excerpt":{"rendered":"<p>O \u00cdndice de Confian\u00e7a do Empres\u00e1rio do Com\u00e9rcio (Icec) cresceu 0,7% em outubro na compara\u00e7\u00e3o com setembro. A alta veio depois de duas quedas consecutivas do indicador, medido pela Confedera\u00e7\u00e3o Nacional do Com\u00e9rcio de Bens, Servi\u00e7os e Turismo (CNC). Com o resultado, o Icec chegou a 129,7 pontos em uma escala de zero a 200 [&hellip;]<\/p>\n","protected":false},"author":246,"featured_media":206182,"comment_status":"closed","ping_status":"closed","sticky":false,"template":"","format":"standard","meta":{"footnotes":""},"categories":[436,261,439],"tags":[],"class_list":["post-206181","post","type-post","status-publish","format-standard","has-post-thumbnail","hentry","category-destaque-da-semana","category-economia","category-ultima-hora"],"_links":{"self":[{"href":"https:\/\/diarioregionaldigital.com.br\/index.php?rest_route=\/wp\/v2\/posts\/206181","targetHints":{"allow":["GET"]}}],"collection":[{"href":"https:\/\/diarioregionaldigital.com.br\/index.php?rest_route=\/wp\/v2\/posts"}],"about":[{"href":"https:\/\/diarioregionaldigital.com.br\/index.php?rest_route=\/wp\/v2\/types\/post"}],"author":[{"embeddable":true,"href":"https:\/\/diarioregionaldigital.com.br\/index.php?rest_route=\/wp\/v2\/users\/246"}],"replies":[{"embeddable":true,"href":"https:\/\/diarioregionaldigital.com.br\/index.php?rest_route=%2Fwp%2Fv2%2Fcomments&post=206181"}],"version-history":[{"count":1,"href":"https:\/\/diarioregionaldigital.com.br\/index.php?rest_route=\/wp\/v2\/posts\/206181\/revisions"}],"predecessor-version":[{"id":206183,"href":"https:\/\/diarioregionaldigital.com.br\/index.php?rest_route=\/wp\/v2\/posts\/206181\/revisions\/206183"}],"wp:featuredmedia":[{"embeddable":true,"href":"https:\/\/diarioregionaldigital.com.br\/index.php?rest_route=\/wp\/v2\/media\/206182"}],"wp:attachment":[{"href":"https:\/\/diarioregionaldigital.com.br\/index.php?rest_route=%2Fwp%2Fv2%2Fmedia&parent=206181"}],"wp:term":[{"taxonomy":"category","embeddable":true,"href":"https:\/\/diarioregionaldigital.com.br\/index.php?rest_route=%2Fwp%2Fv2%2Fcategories&post=206181"},{"taxonomy":"post_tag","embeddable":true,"href":"https:\/\/diarioregionaldigital.com.br\/index.php?rest_route=%2Fwp%2Fv2%2Ftags&post=206181"}],"curies":[{"name":"wp","href":"https:\/\/api.w.org\/{rel}","templated":true}]}}