{"id":206175,"date":"2022-11-03T19:33:25","date_gmt":"2022-11-03T22:33:25","guid":{"rendered":"https:\/\/diarioregionaldigital.com.br\/?p=206175"},"modified":"2022-11-03T19:33:25","modified_gmt":"2022-11-03T22:33:25","slug":"venda-de-veiculos-acumula-alta-de-33-no-ano-aponta-fenabrave","status":"publish","type":"post","link":"https:\/\/diarioregionaldigital.com.br\/?p=206175","title":{"rendered":"Venda de ve\u00edculos acumula alta de 3,3% no ano, aponta Fenabrave"},"content":{"rendered":"<p>A venda de ve\u00edculos automotores novos acumula alta de 3,3% de janeiro a outubro de 2022 ante o mesmo per\u00edodo do ano passado, aponta balan\u00e7o da Federa\u00e7\u00e3o Nacional da Distribui\u00e7\u00e3o de Ve\u00edculos Automotores (Fenabrave). Na compara\u00e7\u00e3o mensal, houve crescimento de 14,8% em outubro em rela\u00e7\u00e3o ao mesmo m\u00eas de 2021. Houve recuo, no entanto, de 5,51% em outubro ante setembro.<img decoding=\"async\" src=\"https:\/\/agenciabrasil.ebc.com.br\/ebc.png?id=1492090&amp;o=node\" \/><img decoding=\"async\" src=\"https:\/\/agenciabrasil.ebc.com.br\/ebc.gif?id=1492090&amp;o=node\" \/><\/p>\n<p>O presidente da Fenabrave, Andreta Jr, aponta que a retra\u00e7\u00e3o pode ser explicada por um menor n\u00famero de dias \u00fateis em outubro (20). Em setembro foram 21 dias. \u201cBoa parte dos segmentos teve n\u00fameros similares em rela\u00e7\u00e3o ao m\u00eas anterior nas vendas di\u00e1rias, o que indica que o movimento de recupera\u00e7\u00e3o se mant\u00e9m\u201d, disse em nota.<\/p>\n<p>O volume total de ve\u00edculos emplacados em outubro foi 316.819. Em setembro, esse n\u00famero ultrapassou 335 mil unidades. Em outubro de 2021, foram negociados cerca de 275 mil ve\u00edculos. De janeiro a outubro deste ano, a soma chega a 2.957.600. No mesmo per\u00edodo do ano passado, foram aproximadamente 2,8 milh\u00f5es de unidades.<\/p>\n<h2>Segmentos<\/h2>\n<p>No segmento autom\u00f3veis e comerciais leves, foram emplacadas 168.474 unidades em outubro. Em setembro, foram pouco mais de 180 mil, uma queda de 6,62%. No acumulado do ano, de janeiro a outubro, esse grupo registra queda de 3,47%. Foram emplacados cerca de 1,56 milh\u00e3o ante 1,61 milh\u00e3o no mesmo per\u00edodo do ano passado.<\/p>\n<p>A Fenabrave tamb\u00e9m levantou o n\u00famero de autom\u00f3veis e comerciais leves eletrificados. O emplacamento desses modelos somaram 4.460 unidades em outubro. No ano, o total \u00e9 de 38.704 emplacamentos. &#8220;Isso representa um resultado 43,6% maior que o acumulado no mesmo per\u00edodo de 2021, quando cerca de 27 mil ve\u00edculos eletrificados foram emplacados&#8221;, destacou o presidente.<\/p>\n<p>O grupo \u00f4nibus e caminh\u00f5es, por sua vez, teve 12.410 unidades emplacadas. No m\u00eas anterior foram mais de 13,5 mil, uma queda de 8,26%. Em rela\u00e7\u00e3o a outubro de 2021, no entanto, o resultado \u00e9 melhor, com acr\u00e9scimo de 1,19% nos emplacamentos. O comparativo do acumulado \u00e9 menos expressivo, com alta de 0,04%. Foram negociadas pouco mais de 119,6 mil unidades.<\/p>\n<p><span style=\"font-weight: 400;\">Fonte: \u00a0 Ag\u00eancia Brasil <\/span><\/p>\n","protected":false},"excerpt":{"rendered":"<p>A venda de ve\u00edculos automotores novos acumula alta de 3,3% de janeiro a outubro de 2022 ante o mesmo per\u00edodo do ano passado, aponta balan\u00e7o da Federa\u00e7\u00e3o Nacional da Distribui\u00e7\u00e3o de Ve\u00edculos Automotores (Fenabrave). Na compara\u00e7\u00e3o mensal, houve crescimento de 14,8% em outubro em rela\u00e7\u00e3o ao mesmo m\u00eas de 2021. Houve recuo, no entanto, de [&hellip;]<\/p>\n","protected":false},"author":246,"featured_media":206176,"comment_status":"closed","ping_status":"closed","sticky":false,"template":"","format":"standard","meta":{"footnotes":""},"categories":[436,261,439],"tags":[],"class_list":["post-206175","post","type-post","status-publish","format-standard","has-post-thumbnail","hentry","category-destaque-da-semana","category-economia","category-ultima-hora"],"_links":{"self":[{"href":"https:\/\/diarioregionaldigital.com.br\/index.php?rest_route=\/wp\/v2\/posts\/206175","targetHints":{"allow":["GET"]}}],"collection":[{"href":"https:\/\/diarioregionaldigital.com.br\/index.php?rest_route=\/wp\/v2\/posts"}],"about":[{"href":"https:\/\/diarioregionaldigital.com.br\/index.php?rest_route=\/wp\/v2\/types\/post"}],"author":[{"embeddable":true,"href":"https:\/\/diarioregionaldigital.com.br\/index.php?rest_route=\/wp\/v2\/users\/246"}],"replies":[{"embeddable":true,"href":"https:\/\/diarioregionaldigital.com.br\/index.php?rest_route=%2Fwp%2Fv2%2Fcomments&post=206175"}],"version-history":[{"count":1,"href":"https:\/\/diarioregionaldigital.com.br\/index.php?rest_route=\/wp\/v2\/posts\/206175\/revisions"}],"predecessor-version":[{"id":206177,"href":"https:\/\/diarioregionaldigital.com.br\/index.php?rest_route=\/wp\/v2\/posts\/206175\/revisions\/206177"}],"wp:featuredmedia":[{"embeddable":true,"href":"https:\/\/diarioregionaldigital.com.br\/index.php?rest_route=\/wp\/v2\/media\/206176"}],"wp:attachment":[{"href":"https:\/\/diarioregionaldigital.com.br\/index.php?rest_route=%2Fwp%2Fv2%2Fmedia&parent=206175"}],"wp:term":[{"taxonomy":"category","embeddable":true,"href":"https:\/\/diarioregionaldigital.com.br\/index.php?rest_route=%2Fwp%2Fv2%2Fcategories&post=206175"},{"taxonomy":"post_tag","embeddable":true,"href":"https:\/\/diarioregionaldigital.com.br\/index.php?rest_route=%2Fwp%2Fv2%2Ftags&post=206175"}],"curies":[{"name":"wp","href":"https:\/\/api.w.org\/{rel}","templated":true}]}}