{"id":206172,"date":"2022-11-03T19:29:12","date_gmt":"2022-11-03T22:29:12","guid":{"rendered":"https:\/\/diarioregionaldigital.com.br\/?p=206172"},"modified":"2022-11-03T19:29:12","modified_gmt":"2022-11-03T22:29:12","slug":"petrobras-aprova-distribuicao-de-r-437-bilhoes-em-dividendos","status":"publish","type":"post","link":"https:\/\/diarioregionaldigital.com.br\/?p=206172","title":{"rendered":"Petrobras aprova distribui\u00e7\u00e3o de R$ 43,7 bilh\u00f5es em dividendos"},"content":{"rendered":"<p>A Petrobras comunicou\u00a0hoje\u00a0(3) que o\u00a0Conselho de Administra\u00e7\u00e3o aprovou pagamento de dividendos no valor de R$ 3,3489 por a\u00e7\u00e3o preferencial ou ordin\u00e1ria. O total pago aos detentores das mais de 13 bilh\u00f5es de a\u00e7\u00f5es da estatal no mercado financeiro ser\u00e1 de cerca de R$ 43,7 bilh\u00f5es.<img decoding=\"async\" src=\"https:\/\/agenciabrasil.ebc.com.br\/ebc.png?id=1492142&amp;o=node\" \/><img decoding=\"async\" src=\"https:\/\/agenciabrasil.ebc.com.br\/ebc.gif?id=1492142&amp;o=node\" \/><\/p>\n<p>O pagamento aos acionistas ser\u00e1 feito em duas parcelas iguais, uma em\u00a020 de dezembro\u00a0de 2022, e outra em\u00a019 de janeiro\u00a0de 2023. Em cada uma dessas datas, ser\u00e1 pago R$ 1,67445 por a\u00e7\u00e3o preferencial e ordin\u00e1ria.<\/p>\n<p>O an\u00fancio ocorre no dia em que a empresa vai divulgar seu resultado financeiro do terceiro trimestre, o que est\u00e1 previsto para ocorrer ap\u00f3s o fechamento do mercado de a\u00e7\u00f5es. Amanh\u00e3 (4), a diretoria executiva da estatal conceder\u00e1 entrevista coletiva \u00e0 imprensa sobre o desempenho financeiro da empresa.<\/p>\n<p>No comunicado, a Petrobras afirma que o dividendo proposto &#8220;est\u00e1 alinhado \u00e0 Pol\u00edtica de Remunera\u00e7\u00e3o aos Acionistas, que prev\u00ea que, em caso de endividamento bruto inferior a US$ 65 bilh\u00f5es, a Companhia poder\u00e1 distribuir aos seus acionistas 60% da diferen\u00e7a entre o fluxo de caixa operacional e as aquisi\u00e7\u00f5es de ativos imobilizados e intang\u00edveis (investimentos)&#8221;.<\/p>\n<p>&#8220;Al\u00e9m disso, a Pol\u00edtica tamb\u00e9m prev\u00ea a possibilidade de pagamento de dividendos extraordin\u00e1rios, desde que sua sustentabilidade financeira seja preservada&#8221;, acrescenta o texto. &#8220;A aprova\u00e7\u00e3o do dividendo proposto \u00e9 compat\u00edvel com a sustentabilidade financeira da companhia no curto, m\u00e9dio e longo prazo e est\u00e1 alinhada ao compromisso de gera\u00e7\u00e3o de<\/p>\n<p>valor para a sociedade e para os acionistas, assim como \u00e0s melhores pr\u00e1ticas da ind\u00fastria mundial de petr\u00f3leo e g\u00e1s natural&#8221;.<\/p>\n<h2>Cr\u00edticas<\/h2>\n<p>A nova distribui\u00e7\u00e3o de dividendos da Petrobras gerou cr\u00edticas e deve ser questionada na Justi\u00e7a pela Federa\u00e7\u00e3o \u00danica dos Petroleiros (FUP) e pela Associa\u00e7\u00e3o Nacional dos Petroleiros Acionistas Minorit\u00e1rios da Petrobras (Anapetro).<\/p>\n<p>De acordo com as entidades,\u00a0o total de dividendos distribu\u00eddos no ano chegar\u00e1 a quase R$ 180 bilh\u00f5es, enquanto os investimentos realizados pela estatal em 2022, at\u00e9 junho, somam apenas R$ 17 bilh\u00f5es, conforme relat\u00f3rios financeiros da empresa.<\/p>\n<p>&#8220;A FUP e a Anapetro questionar\u00e3o judicialmente eventual aprova\u00e7\u00e3o de novos dividendos e processar\u00e3o cada conselheiro por tal medida&#8221;, afirma o coordenador-geral da FUP, Deyvid Bacelar, em comunicado conjunto das entidades.<\/p>\n<p>O an\u00fancio do pagamento tamb\u00e9m foi criticado pela presidente do Partido dos Trabalhadores (PT), Gleisi Hoffmann, que integra a equipe de transi\u00e7\u00e3o para o governo de Luiz In\u00e1cio Lula da Silva, eleito presidente da Rep\u00fablica.<\/p>\n<p>A\u00a0petista\u00a0afirmou que a pol\u00edtica de dividendos retira da estatal a capacidade de investimento e s\u00f3 enriquece acionistas. &#8220;A Petrobras tem que servir ao povo brasileiro&#8221;, escreveu nas redes sociais.<\/p>\n<p>A Petrobras, por sua vez, afirma que, no Plano Estrat\u00e9gico 2022-26, os projetos de investimentos solicitados pelas \u00e1reas de neg\u00f3cio foram atendidos.<\/p>\n<p>&#8220;N\u00e3o existem investimentos represados por restri\u00e7\u00e3o financeira ou or\u00e7ament\u00e1ria, e a decis\u00e3o de uso dos recursos excedentes para remunerar os acionistas se apresenta como a de maior efici\u00eancia para otimiza\u00e7\u00e3o da aloca\u00e7\u00e3o do caixa&#8221;.<\/p>\n<p><span style=\"font-weight: 400;\">\u00a0<\/span><span style=\"font-weight: 400;\"><br \/>\n<\/span><span style=\"font-weight: 400;\">Fonte: \u00a0 Ag\u00eancia Brasil\u00a0<\/span><span style=\"font-weight: 400;\"><br \/>\n<\/span><\/p>\n","protected":false},"excerpt":{"rendered":"<p>A Petrobras comunicou\u00a0hoje\u00a0(3) que o\u00a0Conselho de Administra\u00e7\u00e3o aprovou pagamento de dividendos no valor de R$ 3,3489 por a\u00e7\u00e3o preferencial ou ordin\u00e1ria. O total pago aos detentores das mais de 13 bilh\u00f5es de a\u00e7\u00f5es da estatal no mercado financeiro ser\u00e1 de cerca de R$ 43,7 bilh\u00f5es. O pagamento aos acionistas ser\u00e1 feito em duas parcelas iguais, [&hellip;]<\/p>\n","protected":false},"author":246,"featured_media":206173,"comment_status":"closed","ping_status":"closed","sticky":false,"template":"","format":"standard","meta":{"footnotes":""},"categories":[436,440,261,439],"tags":[],"class_list":["post-206172","post","type-post","status-publish","format-standard","has-post-thumbnail","hentry","category-destaque-da-semana","category-destaques-do-dia","category-economia","category-ultima-hora"],"_links":{"self":[{"href":"https:\/\/diarioregionaldigital.com.br\/index.php?rest_route=\/wp\/v2\/posts\/206172","targetHints":{"allow":["GET"]}}],"collection":[{"href":"https:\/\/diarioregionaldigital.com.br\/index.php?rest_route=\/wp\/v2\/posts"}],"about":[{"href":"https:\/\/diarioregionaldigital.com.br\/index.php?rest_route=\/wp\/v2\/types\/post"}],"author":[{"embeddable":true,"href":"https:\/\/diarioregionaldigital.com.br\/index.php?rest_route=\/wp\/v2\/users\/246"}],"replies":[{"embeddable":true,"href":"https:\/\/diarioregionaldigital.com.br\/index.php?rest_route=%2Fwp%2Fv2%2Fcomments&post=206172"}],"version-history":[{"count":1,"href":"https:\/\/diarioregionaldigital.com.br\/index.php?rest_route=\/wp\/v2\/posts\/206172\/revisions"}],"predecessor-version":[{"id":206174,"href":"https:\/\/diarioregionaldigital.com.br\/index.php?rest_route=\/wp\/v2\/posts\/206172\/revisions\/206174"}],"wp:featuredmedia":[{"embeddable":true,"href":"https:\/\/diarioregionaldigital.com.br\/index.php?rest_route=\/wp\/v2\/media\/206173"}],"wp:attachment":[{"href":"https:\/\/diarioregionaldigital.com.br\/index.php?rest_route=%2Fwp%2Fv2%2Fmedia&parent=206172"}],"wp:term":[{"taxonomy":"category","embeddable":true,"href":"https:\/\/diarioregionaldigital.com.br\/index.php?rest_route=%2Fwp%2Fv2%2Fcategories&post=206172"},{"taxonomy":"post_tag","embeddable":true,"href":"https:\/\/diarioregionaldigital.com.br\/index.php?rest_route=%2Fwp%2Fv2%2Ftags&post=206172"}],"curies":[{"name":"wp","href":"https:\/\/api.w.org\/{rel}","templated":true}]}}