{"id":206169,"date":"2022-11-02T00:48:16","date_gmt":"2022-11-02T03:48:16","guid":{"rendered":"https:\/\/diarioregionaldigital.com.br\/?p=206169"},"modified":"2022-11-02T00:48:52","modified_gmt":"2022-11-02T03:48:52","slug":"palavras-comovem-testemunhos-arrastam-02-11-2022","status":"publish","type":"post","link":"https:\/\/diarioregionaldigital.com.br\/?p=206169","title":{"rendered":"Palavras Comovem Testemunhos Arrastam &#8211; 02\/11\/2022"},"content":{"rendered":"<p>Meu caro leitor \u00e9 com alegria que novamente estamos chegando at\u00e9 voc\u00ea para mais uma edi\u00e7\u00e3o de palavras comovem mas testemunhos arrastam. Bem sei de sua expectativa para ler os testemunhos aqui apresentados. Hoje teremos dois belos testemunhos\u00a0 vamos ao primeiro:<\/p>\n<p>Boa tarde fam\u00edlia S\u00e3o Judas Tadeu\u00a0 louvado seja nosso Senhor Jesus Cristo para sempre seja louvado\u00a0 gostaria de agradecer gra\u00e7as alcan\u00e7ada a minha vizinha veio aqui em casa pedindo para rezar para filha dela que estava gr\u00e1vida\u00a0 e teve que tirar o nen\u00e9m antes do tempo\u00a0 pois ela teve Ecramps. Primeiro ela foi para o CTI e UTI em caso grav\u00edssimo a m\u00e3e dela esteve em minha casa pedindo para rezar para ela.\u00a0 Hoje eu volto para Agradecer a S\u00e3o Judas\u00a0 Tadeu por este milagre e a todos que rezaram para\u00a0 a filha da minha vizinha e seu beb\u00ea\u00a0\u00a0 agrade\u00e7o a\u00a0 Nara, a F\u00e1tima, a Aparecida e todos os membros do grupo\u00a0 S\u00e3o Judas Tadeu meu muito obrigado pela gra\u00e7a alcan\u00e7ada. J\u00e1 est\u00e3o de alta todas duas. Obrigada S\u00e3o Judas Tadeu gratid\u00e3o por tudo.<\/p>\n<p>Vamos ao segundo: Bom dia Padre Erelis sou aquela jovem que ligou pro senhor alguns dias atr\u00e1s\u00a0 pedindo ora\u00e7\u00f5es porque a tia estava internada e\u00a0 teria que fazer uma cirurgia na perna devido uma ferida eu estava apreensiva e o senhor\u00a0 deu uma b\u00ean\u00e7\u00e3o e disse n\u00e3o seria preciso da cirurgia.<\/p>\n<p>Hoje dia 30 de outubro venho de novo agradecer suas ora\u00e7\u00f5es pelo milagre que minha tia recebeu de Deus atrav\u00e9s de suas ora\u00e7\u00f5es, a ferida esta cicatrizada e minha tia est\u00e1\u00a0 em recupera\u00e7\u00e3o, porque foram tr\u00eas meses internada antes de sua ora\u00e7\u00e3o, mas cada dia ela est\u00e1 melhor. Agrade\u00e7o todas as ora\u00e7\u00f5es e b\u00ean\u00e7\u00e3os recebidas. S\u00e3o Judas Tadeu de Jesus ap\u00f3stolo amado seja no c\u00e9u nosso advogado! Am\u00e9m !!<\/p>\n<p>Vejam como Deus age na\u00a0 vida das pessoas.<\/p>\n<p>Convido voc\u00ea para participar da missa\u00a0 de S\u00e3o Judas Tadeu das causas imposs\u00edveis clamando a miseric\u00f3rdia de Jesus por sa\u00fade e liberta\u00e7\u00e3o toda \u00faltima\u00a0 quarta feira \u00e0s 19h na Rua D.Pedro ll n\u00famero 109\u00a0 bairro Mariano Proc\u00f3pio e do ter\u00e7o todos os dias\u00a0 \u00e0s 12; 15h; \u00e0s\u00a0 20e30h; \u00e0s 22h pelo YouTube e Facebook do santu\u00e1rio virtual S\u00e3o Judas Tadeu. svsaojudastadeu.com; \u00e0s 06h ; \u00e0s 10 e 23h pelo Whatzaap; Deixo o n\u00famero do meu celular para me ligarem quando precisar de uma ora\u00e7\u00e3o 988652609 se eu n\u00e3o atender na hora eu retornarei assim que eu ver a liga\u00e7\u00e3o.<\/p>\n","protected":false},"excerpt":{"rendered":"<p>Meu caro leitor \u00e9 com alegria que novamente estamos chegando at\u00e9 voc\u00ea para mais uma edi\u00e7\u00e3o de palavras comovem mas testemunhos arrastam. Bem sei de sua expectativa para ler os testemunhos aqui apresentados. Hoje teremos dois belos testemunhos\u00a0 vamos ao primeiro: Boa tarde fam\u00edlia S\u00e3o Judas Tadeu\u00a0 louvado seja nosso Senhor Jesus Cristo para sempre [&hellip;]<\/p>\n","protected":false},"author":96,"featured_media":0,"comment_status":"closed","ping_status":"closed","sticky":false,"template":"","format":"standard","meta":{"footnotes":""},"categories":[1245],"tags":[],"class_list":["post-206169","post","type-post","status-publish","format-standard","hentry","category-padre-erelis"],"_links":{"self":[{"href":"https:\/\/diarioregionaldigital.com.br\/index.php?rest_route=\/wp\/v2\/posts\/206169","targetHints":{"allow":["GET"]}}],"collection":[{"href":"https:\/\/diarioregionaldigital.com.br\/index.php?rest_route=\/wp\/v2\/posts"}],"about":[{"href":"https:\/\/diarioregionaldigital.com.br\/index.php?rest_route=\/wp\/v2\/types\/post"}],"author":[{"embeddable":true,"href":"https:\/\/diarioregionaldigital.com.br\/index.php?rest_route=\/wp\/v2\/users\/96"}],"replies":[{"embeddable":true,"href":"https:\/\/diarioregionaldigital.com.br\/index.php?rest_route=%2Fwp%2Fv2%2Fcomments&post=206169"}],"version-history":[{"count":1,"href":"https:\/\/diarioregionaldigital.com.br\/index.php?rest_route=\/wp\/v2\/posts\/206169\/revisions"}],"predecessor-version":[{"id":206170,"href":"https:\/\/diarioregionaldigital.com.br\/index.php?rest_route=\/wp\/v2\/posts\/206169\/revisions\/206170"}],"wp:attachment":[{"href":"https:\/\/diarioregionaldigital.com.br\/index.php?rest_route=%2Fwp%2Fv2%2Fmedia&parent=206169"}],"wp:term":[{"taxonomy":"category","embeddable":true,"href":"https:\/\/diarioregionaldigital.com.br\/index.php?rest_route=%2Fwp%2Fv2%2Fcategories&post=206169"},{"taxonomy":"post_tag","embeddable":true,"href":"https:\/\/diarioregionaldigital.com.br\/index.php?rest_route=%2Fwp%2Fv2%2Ftags&post=206169"}],"curies":[{"name":"wp","href":"https:\/\/api.w.org\/{rel}","templated":true}]}}