{"id":206163,"date":"2022-11-01T21:45:24","date_gmt":"2022-11-02T00:45:24","guid":{"rendered":"https:\/\/diarioregionaldigital.com.br\/?p=206163"},"modified":"2022-11-01T21:45:24","modified_gmt":"2022-11-02T00:45:24","slug":"avenida-luiza-vitoria-fernandes-e-outras-dez-vias-recebem-operacao-tapa-buracos-nesta-semana","status":"publish","type":"post","link":"https:\/\/diarioregionaldigital.com.br\/?p=206163","title":{"rendered":"Avenida Luiza Vit\u00f3ria Fernandes e outras dez vias recebem opera\u00e7\u00e3o tapa-buracos nesta semana"},"content":{"rendered":"<p>Segundo informa\u00e7\u00f5es do site da Prefeitura de Juiz de Fora (PJF), com a chegada de novembro e das chuvas caracter\u00edsticas do m\u00eas, a Prefeitura de Juiz de Fora (PJF) tem intensificado os cuidados com as vias da cidade. Entre segunda, 31 de outubro, e esta ter\u00e7a-feira, 1\u00ba de novembro, equipes da PJF estiveram em 15 bairros com a opera\u00e7\u00e3o tapa-buracos.<\/p>\n<div id=\"box_texto_noticia\">\n<p>Um dos destaques dos \u00faltimos dias \u00e9 o bairro Jardim dos Alfineiros, mais precisamente na Avenida Luiza Vit\u00f3ria Fernandes, a principal da localidade. Por l\u00e1, trabalhadores da Empresa Municipal de Pavimenta\u00e7\u00e3o e Urbanidades (Empav) seguem com a recomposi\u00e7\u00e3o asf\u00e1ltica ao longo de toda a via.<\/p>\n<p>Outro ponto que merece destaque \u00e9 a Avenida Dr. Moacyr Siqueira, no bairro S\u00e3o Bernardo. Ap\u00f3s a conclus\u00e3o da manuten\u00e7\u00e3o na rede de drenagem na Rua Ces\u00e1rio Alvim, foi a vez da Moacyr Siqueira receber aten\u00e7\u00e3o e ficar com o pavimento seguro e confort\u00e1vel para quem passa por l\u00e1.<\/p>\n<p><strong>V\u00e1rzea de Benfica<\/strong><\/p>\n<p>Localizadas em Benfica, a Rua Sebasti\u00e3o Garcia e a Avenida Afonso Garcia est\u00e3o ganhando cara nova. Isso porque durante os s\u00e1bados de outubro equipes da Empav atuaram refazendo o pavimento dos locais. Na avenida os trabalhos j\u00e1 foram conclu\u00eddos. No pr\u00f3ximo s\u00e1bado, durante o feriado prolongado, os trabalhadores retornaram para a zona norte para a finaliza\u00e7\u00e3o dos servi\u00e7os na Rua Sebasti\u00e3o Garcia.<\/p>\n<p><strong>A\u00e7\u00f5es durante o feriado<\/strong><\/p>\n<p>Ap\u00f3s o feriado de Finados desta quarta-feira, 2, a Empav volta para o trecho com equipes de tapa-buracos, pavimenta\u00e7\u00e3o e poda de \u00e1rvores e grama. O cuidado com Juiz de Fora n\u00e3o para. A previs\u00e3o \u00e9 que as equipes atuem em diversos pontos da cidade com os trabalhos de zeladoria e a\u00e7\u00f5es preventivas, preparando o munic\u00edpio para o per\u00edodo chuvoso.<\/p>\n<\/div>\n<p>&nbsp;<\/p>\n<div id=\"box_compartilhar\" align=\"right\"><\/div>\n","protected":false},"excerpt":{"rendered":"<p>Segundo informa\u00e7\u00f5es do site da Prefeitura de Juiz de Fora (PJF), com a chegada de novembro e das chuvas caracter\u00edsticas do m\u00eas, a Prefeitura de Juiz de Fora (PJF) tem intensificado os cuidados com as vias da cidade. Entre segunda, 31 de outubro, e esta ter\u00e7a-feira, 1\u00ba de novembro, equipes da PJF estiveram em 15 [&hellip;]<\/p>\n","protected":false},"author":246,"featured_media":206164,"comment_status":"closed","ping_status":"closed","sticky":false,"template":"","format":"standard","meta":{"footnotes":""},"categories":[253,436,439],"tags":[],"class_list":["post-206163","post","type-post","status-publish","format-standard","has-post-thumbnail","hentry","category-cidade","category-destaque-da-semana","category-ultima-hora"],"_links":{"self":[{"href":"https:\/\/diarioregionaldigital.com.br\/index.php?rest_route=\/wp\/v2\/posts\/206163","targetHints":{"allow":["GET"]}}],"collection":[{"href":"https:\/\/diarioregionaldigital.com.br\/index.php?rest_route=\/wp\/v2\/posts"}],"about":[{"href":"https:\/\/diarioregionaldigital.com.br\/index.php?rest_route=\/wp\/v2\/types\/post"}],"author":[{"embeddable":true,"href":"https:\/\/diarioregionaldigital.com.br\/index.php?rest_route=\/wp\/v2\/users\/246"}],"replies":[{"embeddable":true,"href":"https:\/\/diarioregionaldigital.com.br\/index.php?rest_route=%2Fwp%2Fv2%2Fcomments&post=206163"}],"version-history":[{"count":1,"href":"https:\/\/diarioregionaldigital.com.br\/index.php?rest_route=\/wp\/v2\/posts\/206163\/revisions"}],"predecessor-version":[{"id":206165,"href":"https:\/\/diarioregionaldigital.com.br\/index.php?rest_route=\/wp\/v2\/posts\/206163\/revisions\/206165"}],"wp:featuredmedia":[{"embeddable":true,"href":"https:\/\/diarioregionaldigital.com.br\/index.php?rest_route=\/wp\/v2\/media\/206164"}],"wp:attachment":[{"href":"https:\/\/diarioregionaldigital.com.br\/index.php?rest_route=%2Fwp%2Fv2%2Fmedia&parent=206163"}],"wp:term":[{"taxonomy":"category","embeddable":true,"href":"https:\/\/diarioregionaldigital.com.br\/index.php?rest_route=%2Fwp%2Fv2%2Fcategories&post=206163"},{"taxonomy":"post_tag","embeddable":true,"href":"https:\/\/diarioregionaldigital.com.br\/index.php?rest_route=%2Fwp%2Fv2%2Ftags&post=206163"}],"curies":[{"name":"wp","href":"https:\/\/api.w.org\/{rel}","templated":true}]}}