{"id":206160,"date":"2022-11-01T21:39:30","date_gmt":"2022-11-02T00:39:30","guid":{"rendered":"https:\/\/diarioregionaldigital.com.br\/?p=206160"},"modified":"2022-11-01T21:39:30","modified_gmt":"2022-11-02T00:39:30","slug":"prefeitura-amplia-publico-para-a-vacinacao-contra-a-meningite-a-partir-de-terca-8","status":"publish","type":"post","link":"https:\/\/diarioregionaldigital.com.br\/?p=206160","title":{"rendered":"Prefeitura amplia p\u00fablico para a vacina\u00e7\u00e3o contra a meningite a partir de ter\u00e7a, 8"},"content":{"rendered":"<p>Segundo informa\u00e7\u00f5es do site da Prefeitura de Juiz de Fora (PJF), a PJF inicia, a partir da pr\u00f3xima ter\u00e7a-feira, 8, a amplia\u00e7\u00e3o do p\u00fablico-alvo para imuniza\u00e7\u00e3o contra a meningite. Ser\u00e3o vacinados com o imunizante Meningoc\u00f3cica C os jovens de 16 a 30 anos; os trabalhadores da educa\u00e7\u00e3o superior e de escolas t\u00e9cnicas acima dos 16 anos de idade; os profissionais de sa\u00fade com 16 anos de idade ou mais; e os estudantes universit\u00e1rios, sem limite de idade.<\/p>\n<p>Os imunizantes ser\u00e3o aplicados nas Unidades B\u00e1sicas de Sa\u00fade (UBS) espalhadas pelo munic\u00edpio, de\u00a08h \u00e0s 10h30 e de 13h \u00e0s 16h, e no Departamento de Sa\u00fade da Mulher, Gestante, Crian\u00e7a e Adolescente (DSMGCA), de 8h \u00e0s 16h,\u00a0<strong>somente os adolescentes de 16 a 18 anos<\/strong>. A aplica\u00e7\u00e3o para a faixa et\u00e1ria estendida segue at\u00e9 fevereiro de 2023, conforme orienta\u00e7\u00e3o da Secretaria de Estado de Sa\u00fade de Minas Gerais (SES-MG).<\/p>\n<p>A vacina\u00a0<strong>contra a Covid-19<\/strong>, aplicada nos mesmos locais,<strong>\u00a0pode ser recebida por estes p\u00fablicos conjuntamente com os imunizantes\u00a0<\/strong>sem qualquer tipo de problema.<\/p>\n<p>A vacina meningoc\u00f3cica C (Conjugada) faz parte do Calend\u00e1rio Nacional de Vacina\u00e7\u00e3o e \u00e9 recomendada aos 3 e 5 meses de vida, com refor\u00e7o ao primeiro ano de idade. Al\u00e9m disso, tamb\u00e9m est\u00e1 dispon\u00edvel para adolescentes de 11 e 14 anos.<\/p>\n<p>A meningite meningoc\u00f3cica \u00e9 causada pela bact\u00e9ria Neisseria meningitidis (meningococo) e se caracteriza por ser uma infec\u00e7\u00e3o das membranas que recobrem o c\u00e9rebro. A vacina\u00e7\u00e3o \u00e9 a principal maneira de prevenir a doen\u00e7a.<\/p>\n<p><strong>Endere\u00e7os dos locais de vacina\u00e7\u00e3o<\/strong><br \/>\n<strong>Departamento de Sa\u00fade da Mulher Gestante, Crian\u00e7a e Adolescentes (DSMGCA) &#8211; das 8h \u00e0s 16h &#8211;\u00a0<\/strong><strong>Somente os adolescentes de 16 a 18 anos<\/strong><\/p>\n<p>Rua S\u00e3o Sebasti\u00e3o, 772\/776, Centro<\/p>\n<p>&nbsp;<\/p>\n<p><strong>UBSs que vacinam\u00a0 8h \u00e0s 10h30 e de 13h \u00e0s 16h (quintas, de 8h \u00e0s 10h30 e de 13h \u00e0s 14h30):<\/strong><br \/>\n1. UBS Santa Cec\u00edlia<\/p>\n<p>2. UBS Industrial<\/p>\n<p>3. UBS Joquei Clube I<\/p>\n<p>4. UBS Joquei Clube 2<\/p>\n<p>5. UBS S\u00e3o Benedito<\/p>\n<p>6. UBS Monte Castelo<\/p>\n<p>7. UBS Dom Bosco<\/p>\n<p>8. UBS Santa Cruz<\/p>\n<p>9. UBS Benfica<\/p>\n<p>10. UBS Barreira do Triunfo<\/p>\n<p>11. UBS Vila Esperan\u00e7a<\/p>\n<p>12. UBS Vale Verde<\/p>\n<p>13. UBS S\u00e3o Pedro<\/p>\n<p>14. UBS Santa Rita<\/p>\n<p>15. UBS Santo Ant\u00f4nio<\/p>\n<p>16. UBS Granjas Beth\u00e2nia<\/p>\n<p>17. UBS Filgueiras<\/p>\n<p>18. UBS Grama<\/p>\n<p>19. UBS S\u00e3o Judas Tadeu<\/p>\n<p>20. Ubs Jardim Esperan\u00e7a<\/p>\n<p>21. UBS Caet\u00e9<\/p>\n<p>22. UBS Vila Ideal<\/p>\n<p>23.\u00a0 UBS Jardim da Lua<\/p>\n<p>24. UBS Santos Dumont<\/p>\n<p>25. UBS Humait\u00e1<\/p>\n<p>26. UBS Marumbi<\/p>\n<p>27. UBS Nossa Senhora das Gra\u00e7as<\/p>\n<p>28. UBS Nossa Senhora de Lourdes<\/p>\n<p>29. UBS Torre\u00f5es<\/p>\n<p>30. UBS Teixeiras<\/p>\n<p>31. UBS Milho Branco<\/p>\n<p>32. UBS Nova Era<\/p>\n<p>33. UBS Progresso<\/p>\n<p>34. UBS Linhares<\/p>\n<p>35. UBS Bandeirantes<\/p>\n<p>36. UBS Santa Luzia<\/p>\n<p>37. UBS Parque Guarani<\/p>\n<p>38. UBS Santa Efig\u00eania<\/p>\n<p>39. UBS Furtado de Menezes<\/p>\n<p>40. UBS Retiro<\/p>\n<p>41. UBS Jardim Natal<\/p>\n<p>42. UBS Alto Graja\u00fa<\/p>\n<p>43. UBS Cruzeiro do Sul<\/p>\n<p>44. UBS Esplanada (apenas manh\u00e3)<\/p>\n<p>45. UBS Vila Olavo Costa<\/p>\n<p>46. UBS Nossa Senhora Aparecida<\/p>\n<p>47. UBS Ipiranga<\/p>\n<p>48. UBS Monte Verde<\/p>\n<p>49. UBS Sarandira<\/p>\n<p>50. UBS Centro Sul<\/p>\n<p>51. UBS Igrejinha<\/p>\n<p>52. UBS Cidade do Sol<\/p>\n<p>53. UBS Valadares<\/p>\n<p>54. UBS S\u00e3o Sebasti\u00e3o<\/p>\n<p>55. UBS Torre\u00f5es<\/p>\n<p>56. UBS Pirapetinga (apenas ter\u00e7as-feiras)<\/p>\n<p>57. UBS Toledos (apenas segundas-feiras)<\/p>\n<p>58. UBS Penido (ter\u00e7as-feiras, de 15 em 15 dias)<\/p>\n<p>59. UBS Ros\u00e1rio (ter\u00e7as-feiras, de 15 em 15 dias)<\/p>\n<p>60. UBS Chapeu Duvas (ter\u00e7as-feiras, de 15 em 15 dias)<\/p>\n<p>61. UBS Dias Tavares (ter\u00e7as-feiras, de 15 em 15 dias)<\/p>\n<p>62. UBS Paula Lima (ter\u00e7as-feiras, de 15 em 15 dias)<\/p>\n","protected":false},"excerpt":{"rendered":"<p>Segundo informa\u00e7\u00f5es do site da Prefeitura de Juiz de Fora (PJF), a PJF inicia, a partir da pr\u00f3xima ter\u00e7a-feira, 8, a amplia\u00e7\u00e3o do p\u00fablico-alvo para imuniza\u00e7\u00e3o contra a meningite. Ser\u00e3o vacinados com o imunizante Meningoc\u00f3cica C os jovens de 16 a 30 anos; os trabalhadores da educa\u00e7\u00e3o superior e de escolas t\u00e9cnicas acima dos 16 [&hellip;]<\/p>\n","protected":false},"author":246,"featured_media":206161,"comment_status":"closed","ping_status":"closed","sticky":false,"template":"","format":"standard","meta":{"footnotes":""},"categories":[253,436,439],"tags":[],"class_list":["post-206160","post","type-post","status-publish","format-standard","has-post-thumbnail","hentry","category-cidade","category-destaque-da-semana","category-ultima-hora"],"_links":{"self":[{"href":"https:\/\/diarioregionaldigital.com.br\/index.php?rest_route=\/wp\/v2\/posts\/206160","targetHints":{"allow":["GET"]}}],"collection":[{"href":"https:\/\/diarioregionaldigital.com.br\/index.php?rest_route=\/wp\/v2\/posts"}],"about":[{"href":"https:\/\/diarioregionaldigital.com.br\/index.php?rest_route=\/wp\/v2\/types\/post"}],"author":[{"embeddable":true,"href":"https:\/\/diarioregionaldigital.com.br\/index.php?rest_route=\/wp\/v2\/users\/246"}],"replies":[{"embeddable":true,"href":"https:\/\/diarioregionaldigital.com.br\/index.php?rest_route=%2Fwp%2Fv2%2Fcomments&post=206160"}],"version-history":[{"count":1,"href":"https:\/\/diarioregionaldigital.com.br\/index.php?rest_route=\/wp\/v2\/posts\/206160\/revisions"}],"predecessor-version":[{"id":206162,"href":"https:\/\/diarioregionaldigital.com.br\/index.php?rest_route=\/wp\/v2\/posts\/206160\/revisions\/206162"}],"wp:featuredmedia":[{"embeddable":true,"href":"https:\/\/diarioregionaldigital.com.br\/index.php?rest_route=\/wp\/v2\/media\/206161"}],"wp:attachment":[{"href":"https:\/\/diarioregionaldigital.com.br\/index.php?rest_route=%2Fwp%2Fv2%2Fmedia&parent=206160"}],"wp:term":[{"taxonomy":"category","embeddable":true,"href":"https:\/\/diarioregionaldigital.com.br\/index.php?rest_route=%2Fwp%2Fv2%2Fcategories&post=206160"},{"taxonomy":"post_tag","embeddable":true,"href":"https:\/\/diarioregionaldigital.com.br\/index.php?rest_route=%2Fwp%2Fv2%2Ftags&post=206160"}],"curies":[{"name":"wp","href":"https:\/\/api.w.org\/{rel}","templated":true}]}}