{"id":206157,"date":"2022-11-01T21:37:02","date_gmt":"2022-11-02T00:37:02","guid":{"rendered":"https:\/\/diarioregionaldigital.com.br\/?p=206157"},"modified":"2022-11-01T21:37:02","modified_gmt":"2022-11-02T00:37:02","slug":"onda-de-frio-chega-a-juiz-de-fora-nesta-quarta-feira-2","status":"publish","type":"post","link":"https:\/\/diarioregionaldigital.com.br\/?p=206157","title":{"rendered":"Onda de frio chega a Juiz de Fora nesta quarta-feira, 2"},"content":{"rendered":"<p>Segundo informa\u00e7\u00f5es do site da Prefeitura de Juiz de Fora (PJF), a\u00a0Defesa Civil da Prefeitura de Juiz de Fora (PJF) alerta para a possibilidade de queda acentuada das temperaturas nos pr\u00f3ximos dias. A onda de frio deve ser provocada pela entrada de uma massa de ar polar de alta intensidade sobre a regi\u00e3o sudeste do pa\u00eds, a partir de quarta-feira, 2.<\/p>\n<p>A a\u00e7\u00e3o dessa massa intensa modificar\u00e1 as condi\u00e7\u00f5es de tempo na cidade, trazendo o frio e a chuva. O alerta \u00e9 v\u00e1lido at\u00e9 a madrugada de domingo. De acordo com os principais modelos de previs\u00e3o do tempo utilizados pela Defesa Civil, o GFS (Global Forecast System), Icon, ECMWF (Centro Europeu de Previs\u00f5es Meteorol\u00f3gicas em M\u00e9dio Prazo) e Meteoblue, as quedas de temperatura ser\u00e3o t\u00e3o significativas durante o dia que as m\u00e1ximas n\u00e3o dever\u00e3o ultrapassar os 16\u00baC a tarde, enquanto as m\u00ednimas poder\u00e3o registrar valores de at\u00e9 11\u00baC a noite.<\/p>\n<p>No final de semana, a massa de ar polar continuar\u00e1 atuando sobre a cidade, provocando madrugadas geladas com temperaturas m\u00ednimas abaixo da m\u00e9dia hist\u00f3rica em 6\u00baC, podendo alcan\u00e7ar os 10\u00baC. Contudo, durante o dia, o sol poder\u00e1 aparecer ainda entre muitas nuvens, elevando um pouco as m\u00e1ximas, que poder\u00e3o alcan\u00e7ar os 22\u00baC. At\u00e9 domingo, 6, podem ocorrer chuvas intensas.<\/p>\n<p><strong>Plano de Conting\u00eancia para Situa\u00e7\u00f5es de Baixas Temperaturas<\/strong><\/p>\n<p>A atual gest\u00e3o da PJF criou o Plano de Conting\u00eancia para Situa\u00e7\u00f5es de Baixas Temperaturas, que envolve a participa\u00e7\u00e3o de diversos \u00f3rg\u00e3os municipais. O Plano \u00e9 acionado quando a temperatura fica abaixo de 13\u00baC.<\/p>\n<p>Uma das a\u00e7\u00f5es realizadas \u00e9 o abrigo emergencial, que est\u00e1 funcionando em Juiz de Fora desde maio na Rua Jos\u00e9 Calil Ahouagi, 592, Centro. S\u00e3o disponibilizadas 60 vagas para acolhimento emergencial de pessoas em situa\u00e7\u00e3o de rua durante a noite. No local foi montada uma estrutura para atender as pessoas em situa\u00e7\u00e3o de rua com condi\u00e7\u00f5es de repouso noturno, espa\u00e7o de estar e conv\u00edvio, guarda de pertences, banho, higiene pessoal, vestu\u00e1rio, alimenta\u00e7\u00e3o, encaminhamentos para servi\u00e7os socioassistenciais e\u00a0 atividades coletivas. O acolhimento funciona das 19h \u00e0s 7h, com equipes de trabalho\u00a0 composta por assistente social, educadores, servi\u00e7os gerais, cozinheiro e coordena\u00e7\u00e3o para gerir o servi\u00e7o e a qualidade do atendimento prestado.<\/p>\n<p>At\u00e9 a madrugada de domingo para segunda-feira, o Servi\u00e7o de Abordagem Social estar\u00e1 em vigil\u00e2ncia durante 24h para acolher pessoas em vulnerabilidade social. \u00c9 poss\u00edvel entrar em contato com a Abordagem Social atrav\u00e9s do telefone (32) 99807-0719. Al\u00e9m disso, a Defesa Civil estar\u00e1 dispon\u00edvel pelo n\u00famero 199, em caso de emerg\u00eancias.<\/p>\n","protected":false},"excerpt":{"rendered":"<p>Segundo informa\u00e7\u00f5es do site da Prefeitura de Juiz de Fora (PJF), a\u00a0Defesa Civil da Prefeitura de Juiz de Fora (PJF) alerta para a possibilidade de queda acentuada das temperaturas nos pr\u00f3ximos dias. A onda de frio deve ser provocada pela entrada de uma massa de ar polar de alta intensidade sobre a regi\u00e3o sudeste do [&hellip;]<\/p>\n","protected":false},"author":246,"featured_media":206158,"comment_status":"closed","ping_status":"closed","sticky":false,"template":"","format":"standard","meta":{"footnotes":""},"categories":[253,436,439],"tags":[],"class_list":["post-206157","post","type-post","status-publish","format-standard","has-post-thumbnail","hentry","category-cidade","category-destaque-da-semana","category-ultima-hora"],"_links":{"self":[{"href":"https:\/\/diarioregionaldigital.com.br\/index.php?rest_route=\/wp\/v2\/posts\/206157","targetHints":{"allow":["GET"]}}],"collection":[{"href":"https:\/\/diarioregionaldigital.com.br\/index.php?rest_route=\/wp\/v2\/posts"}],"about":[{"href":"https:\/\/diarioregionaldigital.com.br\/index.php?rest_route=\/wp\/v2\/types\/post"}],"author":[{"embeddable":true,"href":"https:\/\/diarioregionaldigital.com.br\/index.php?rest_route=\/wp\/v2\/users\/246"}],"replies":[{"embeddable":true,"href":"https:\/\/diarioregionaldigital.com.br\/index.php?rest_route=%2Fwp%2Fv2%2Fcomments&post=206157"}],"version-history":[{"count":1,"href":"https:\/\/diarioregionaldigital.com.br\/index.php?rest_route=\/wp\/v2\/posts\/206157\/revisions"}],"predecessor-version":[{"id":206159,"href":"https:\/\/diarioregionaldigital.com.br\/index.php?rest_route=\/wp\/v2\/posts\/206157\/revisions\/206159"}],"wp:featuredmedia":[{"embeddable":true,"href":"https:\/\/diarioregionaldigital.com.br\/index.php?rest_route=\/wp\/v2\/media\/206158"}],"wp:attachment":[{"href":"https:\/\/diarioregionaldigital.com.br\/index.php?rest_route=%2Fwp%2Fv2%2Fmedia&parent=206157"}],"wp:term":[{"taxonomy":"category","embeddable":true,"href":"https:\/\/diarioregionaldigital.com.br\/index.php?rest_route=%2Fwp%2Fv2%2Fcategories&post=206157"},{"taxonomy":"post_tag","embeddable":true,"href":"https:\/\/diarioregionaldigital.com.br\/index.php?rest_route=%2Fwp%2Fv2%2Ftags&post=206157"}],"curies":[{"name":"wp","href":"https:\/\/api.w.org\/{rel}","templated":true}]}}