{"id":206154,"date":"2022-11-01T21:34:35","date_gmt":"2022-11-02T00:34:35","guid":{"rendered":"https:\/\/diarioregionaldigital.com.br\/?p=206154"},"modified":"2022-11-01T21:34:35","modified_gmt":"2022-11-02T00:34:35","slug":"prefeita-fala-sobre-orcamento-e-os-impactos-da-eleicao-presidencial-para-juiz-de-fora","status":"publish","type":"post","link":"https:\/\/diarioregionaldigital.com.br\/?p=206154","title":{"rendered":"Prefeita fala sobre or\u00e7amento e os impactos da elei\u00e7\u00e3o presidencial para Juiz de Fora"},"content":{"rendered":"<p>Segundo informa\u00e7\u00f5es do site da Prefeitura de Juiz de Fora (PJF), a\u00a0prefeita Margarida Salom\u00e3o participou nesta ter\u00e7a-feira, 1\u00ba, de uma s\u00e9rie de entrevistas nas r\u00e1dios de Juiz de Fora. A chefe do executivo municipal abordou diversos temas, como a quest\u00e3o das chuvas na cidade, a cria\u00e7\u00e3o de empregos na cidade, a troca de cons\u00f3rcio, a proje\u00e7\u00e3o de or\u00e7amento para Juiz de Fora, entre outros t\u00f3picos.<\/p>\n<p>Ap\u00f3s a\u00a0<a href=\"https:\/\/www.pjf.mg.gov.br\/noticias\/view.php?modo=link2&amp;idnoticia2=77150\"><strong>troca de cons\u00f3rcio de \u00f4nibus para a Via JF<\/strong><\/a>, a prefeita destacou a melhora na presta\u00e7\u00e3o de servi\u00e7os para a cidade. \u201cDesde a troca, j\u00e1 melhorou muito o servi\u00e7o. Estamos com 170 \u00f4nibus 0km, fazendo um monitoramento de perto sobre as queixas. Estamos ouvindo as comunidades para definir os melhores trajetos, hor\u00e1rios e oferecer um servi\u00e7o de qualidade e inseguran\u00e7a. O \u00f4nibus tem que passar sempre para a popula\u00e7\u00e3o. A queda de reclama\u00e7\u00e3o, tanto com a Prefeitura quanto nas redes sociais, acompanha esse melhoramento nos servi\u00e7os\u201d.<\/p>\n<p>A chefe do executivo municipal relembrou tamb\u00e9m sobre os trabalhos feitos na preven\u00e7\u00e3o e conten\u00e7\u00e3o das fortes chuvas de setembro,\u00a0<a href=\"https:\/\/www.pjf.mg.gov.br\/noticias\/view.php?modo=link2&amp;idnoticia2=77074\"><strong>o segundo maior vendaval da hist\u00f3ria da cidade desde 2007<\/strong><\/a>. \u201cEstamos vivendo uma crise clim\u00e1tica no mundo inteiro, com secas extremas, chuvas torrenciais em diversos lugares. Por conta disso, melhoramos nossa capacidade de respostas para estes tipos de ocorr\u00eancias. No dia do vendaval, ca\u00edram mais de 50 \u00e1rvores. Eu queria agradecer a qualidade do trabalho dos funcion\u00e1rios do munic\u00edpio, que estiveram em todos os locais cortando as \u00e1rvores. Os agentes de tr\u00e2nsito, debaixo de chuva, operando o tr\u00e2nsito com a lanterna dos celulares por conta da falta de energia nos locais\u201d.<\/p>\n<p>Outro ponto abordado foi o recente an\u00fancio do repasse de\u00a0<a href=\"https:\/\/www.pjf.mg.gov.br\/noticias\/view.php?modo=link2&amp;idnoticia2=77573\"><strong>R$ 440 mil para as fam\u00edlias afetadas pelas chuvas do ano passado<\/strong><\/a>. \u201cComo forma de preven\u00e7\u00e3o, n\u00f3s fizemos a dragagem do Rio Paraibuna, limpamos os c\u00f3rregos\u00a0 da cidade, as bocas de lobos que acumulam lixo, e estamos, com a Defesa Civil, acompanhando a popula\u00e7\u00e3o que foi prejudicada. Para as pessoas que tiveram as suas casas interditadas das chuvas do ano passado, n\u00f3s vamos entregar, para cada um que realizou o cadastramento, uma ajuda de R$ 1200. Estamos preparados para lidar com a dificuldade\u201d.<\/p>\n<p>Margarida destacou a cria\u00e7\u00e3o do\u00a0<a href=\"https:\/\/www.pjf.mg.gov.br\/noticias\/view.php?modo=link2&amp;idnoticia2=77369\"><strong>aumento na oferta de leitos de UTI para rec\u00e9m-nascidos e crian\u00e7as no Hospital Maternidade Therezinha de Jesus<\/strong><\/a>, que foi dobrado em outubro. \u201cQuem tem uma crian\u00e7a que est\u00e1 sofrendo em casa, faz com que a fam\u00edlia inteira entre em sofrimento. Em Juiz de Fora, as crian\u00e7as v\u00eam em primeiro lugar. Zeramos as filas para as creches, e j\u00e1 reabrimos as inscri\u00e7\u00f5es para o ano que vem. Com rela\u00e7\u00e3o \u00e0 sa\u00fade, as melhorias no Therezinha de Jesus, fizemos o conv\u00eanio que duplicou o n\u00famero de leitos de UTI para rec\u00e9m-nascidos e crian\u00e7as Nem nos hospitais particulares de Juiz de Fora havia esse n\u00famero.<\/p>\n<p>O\u00a0<a href=\"https:\/\/www.pjf.mg.gov.br\/noticias\/view.php?modo=link2&amp;idnoticia2=77533\"><strong>\u201cEspa\u00e7o Emprego JF\u201d, evento que ofertou mais de cem vagas de emprego em setembro<\/strong><\/a>, teve destaque na fala da prefeita, bem como os\u00a0<a href=\"https:\/\/www.pjf.mg.gov.br\/noticias\/view.php?modo=link2&amp;idnoticia2=77546\"><strong>recentes resultados de cria\u00e7\u00e3o de novos postos de trabalho<\/strong><\/a>. \u201cO evento foi um excelente ponto de partida e n\u00f3s estamos registrando um n\u00famero de cria\u00e7\u00e3o de vagas acima do Brasil e de Minas Gerais. A parte social \u00e9 garantida pela seguran\u00e7a da carteira assinada. N\u00f3s respeitamos os MEIs, realizamos cursos para artes\u00e3os, al\u00e9m de qualificar a popula\u00e7\u00e3o em situa\u00e7\u00e3o de rua. Em Juiz de Fora estamos criando e vamos continuar criando diversos postos de trabalho. A Ardagh, que est\u00e1 chegando, ir\u00e1 come\u00e7ar a funcionar a partir do ano que vem, o que cria diversos postos de trabalho, o que \u00e9 \u00f3timo para Juiz de Fora\u201d.<\/p>\n<p>A proje\u00e7\u00e3o or\u00e7ament\u00e1ria da cidade foi explicada pela prefeita. \u201cEu recebi em 2021 um or\u00e7amento com d\u00e9ficit de 70 milh\u00f5es. Chegamos no fim do ano com deficit 0. N\u00e3o apenas fizemos a supera\u00e7\u00e3o desse d\u00e9ficit, como ainda no decorrer do ano nos mudamos de categoria. O tesouro nacional tem uma medida que \u00e9 a Capacidade de Pagamento (Capag). O \u00edndice da cidade, quando recebemos, era C. Com o decorrer do ano passado, ele foi para B. Estamos chegando ao final do ano com deficit 0. N\u00e3o tivemos nenhuma conta atrasada\u201d.<\/p>\n<p>\u201c\u00c9 preciso explicar o que \u00e9 a proje\u00e7\u00e3o or\u00e7ament\u00e1ria. O d\u00e9ficit projetado \u00e9 de R$ 117 milh\u00f5es em um or\u00e7amento que \u00e9 de R$ 3 bilh\u00f5es. R$ 117 milh\u00f5es, pessoalmente, \u00e9 uma enormidade. Para a cidade, que tem uma previs\u00e3o de or\u00e7amento de R$ 3 bilh\u00f5es, no entanto, \u00e9 uma porcentagem pequena. E esta \u00e9 uma previs\u00e3o. N\u00f3s devemos ao povo transpar\u00eancia, ent\u00e3o \u00e9 prefer\u00edvel mostrar uma proje\u00e7\u00e3o de d\u00e9ficit, que \u00e9 manej\u00e1vel, inclusive, do que ter um or\u00e7amento secreto. N\u00f3s hoje somos notas B, v\u00ednhamos de C, no Capag, e, at\u00e9 o fim do governo, vamos chegar em A\u201d, destacou Margarida.<\/p>\n<p>Sobre as elei\u00e7\u00f5es deste ano e a candidatura de Lu\u00eds In\u00e1cio Lula da Silva para a presid\u00eancia da rep\u00fablica, Margarida destacou a expectativa para que mais investimentos sejam feitos na cidade e na regi\u00e3o. \u201cA elei\u00e7\u00e3o do presidente Lula cria uma expectativa muito positiva de que possamos contar com o governo federal para desenvolver grandes projetos que a cidade est\u00e1 necessitada\u201d.<\/p>\n","protected":false},"excerpt":{"rendered":"<p>Segundo informa\u00e7\u00f5es do site da Prefeitura de Juiz de Fora (PJF), a\u00a0prefeita Margarida Salom\u00e3o participou nesta ter\u00e7a-feira, 1\u00ba, de uma s\u00e9rie de entrevistas nas r\u00e1dios de Juiz de Fora. A chefe do executivo municipal abordou diversos temas, como a quest\u00e3o das chuvas na cidade, a cria\u00e7\u00e3o de empregos na cidade, a troca de cons\u00f3rcio, a [&hellip;]<\/p>\n","protected":false},"author":246,"featured_media":206155,"comment_status":"closed","ping_status":"closed","sticky":false,"template":"","format":"standard","meta":{"footnotes":""},"categories":[253,436,440,439],"tags":[],"class_list":["post-206154","post","type-post","status-publish","format-standard","has-post-thumbnail","hentry","category-cidade","category-destaque-da-semana","category-destaques-do-dia","category-ultima-hora"],"_links":{"self":[{"href":"https:\/\/diarioregionaldigital.com.br\/index.php?rest_route=\/wp\/v2\/posts\/206154","targetHints":{"allow":["GET"]}}],"collection":[{"href":"https:\/\/diarioregionaldigital.com.br\/index.php?rest_route=\/wp\/v2\/posts"}],"about":[{"href":"https:\/\/diarioregionaldigital.com.br\/index.php?rest_route=\/wp\/v2\/types\/post"}],"author":[{"embeddable":true,"href":"https:\/\/diarioregionaldigital.com.br\/index.php?rest_route=\/wp\/v2\/users\/246"}],"replies":[{"embeddable":true,"href":"https:\/\/diarioregionaldigital.com.br\/index.php?rest_route=%2Fwp%2Fv2%2Fcomments&post=206154"}],"version-history":[{"count":1,"href":"https:\/\/diarioregionaldigital.com.br\/index.php?rest_route=\/wp\/v2\/posts\/206154\/revisions"}],"predecessor-version":[{"id":206156,"href":"https:\/\/diarioregionaldigital.com.br\/index.php?rest_route=\/wp\/v2\/posts\/206154\/revisions\/206156"}],"wp:featuredmedia":[{"embeddable":true,"href":"https:\/\/diarioregionaldigital.com.br\/index.php?rest_route=\/wp\/v2\/media\/206155"}],"wp:attachment":[{"href":"https:\/\/diarioregionaldigital.com.br\/index.php?rest_route=%2Fwp%2Fv2%2Fmedia&parent=206154"}],"wp:term":[{"taxonomy":"category","embeddable":true,"href":"https:\/\/diarioregionaldigital.com.br\/index.php?rest_route=%2Fwp%2Fv2%2Fcategories&post=206154"},{"taxonomy":"post_tag","embeddable":true,"href":"https:\/\/diarioregionaldigital.com.br\/index.php?rest_route=%2Fwp%2Fv2%2Ftags&post=206154"}],"curies":[{"name":"wp","href":"https:\/\/api.w.org\/{rel}","templated":true}]}}