{"id":206151,"date":"2022-11-01T21:25:53","date_gmt":"2022-11-02T00:25:53","guid":{"rendered":"https:\/\/diarioregionaldigital.com.br\/?p=206151"},"modified":"2022-11-01T21:25:53","modified_gmt":"2022-11-02T00:25:53","slug":"rebeca-fica-em-primeiro-e-selecao-feminina-em-terceiro-na-fase-classificatoria-do-mundial","status":"publish","type":"post","link":"https:\/\/diarioregionaldigital.com.br\/?p=206151","title":{"rendered":"Rebeca fica em primeiro e sele\u00e7\u00e3o feminina em terceiro na fase classificat\u00f3ria do Mundial"},"content":{"rendered":"<p>O Brasil come\u00e7ou a jornada no Mundial de Gin\u00e1stica de Liverpool com excelente desempenho. As brasileiras avan\u00e7aram \u00e0 final da competi\u00e7\u00e3o por equipes em terceiro lugar, somando 163.563 pontos. No individual geral, Rebeca Andrade foi para a final em primeiro, somando 57.332 pontos, outro feito in\u00e9dito.<\/p>\n<p>Rebeca se classificou ainda em segundo para a final do solo, atr\u00e1s apenas de Fl\u00e1via Saraiva \u2013 as duas formaram uma dobradinha \u2013 em terceiro nas paralelas assim\u00e9tricas e em oitavo para a final da trave. Campe\u00e3 ol\u00edmpica e mundial no salto, Rebeca cometeu um erro em sua segunda execu\u00e7\u00e3o \u2013 sua m\u00e3o escorregou no aparelho, e ela abortou a tentativa. Dessa maneira, o resultado do primeiro salto, que foi excelente, contou apenas para a competi\u00e7\u00e3o por equipes.<\/p>\n<p>\u201cA competi\u00e7\u00e3o na trave foi importante, especialmente para algumas ganharem experi\u00eancia, como a Julia (Soares), que abriu o aparelho e n\u00e3o caiu. A Rebeca passou bem tamb\u00e9m. A Flavia teve um erro, mas acabou mantendo a qualidade da execu\u00e7\u00e3o dela, contribuindo com uma boa nota para a equipe&#8221;, afirmou o coordenador da sele\u00e7\u00e3o feminina, Francisco Porath.<\/p>\n<p>&#8220;Fomos muito bem no solo. As notas entraram bem. Estou bem satisfeito com a parte art\u00edstica. O salto \u00e9 tamb\u00e9m um aparelho forte do Brasil. A Rebeca teve uma escorregada na m\u00e3o, mas conseguiu parar o salto e se manteve segura para ir para o outro aparelho, que \u00e9 a paralela. Nesse aparelho, pelo fato de a Fl\u00e1via ter sentido um pouco o p\u00e9, tiramos a sa\u00edda, mas ela fez uma boa execu\u00e7\u00e3o e tamb\u00e9m contribuiu com a equipe. Agora precisamos definir em qual aparelho vamos come\u00e7ar na final. Se for a trave vamos manter a estrat\u00e9gia. Se for outro, teremos que mudar\u201d.<\/p>\n<p>Quanto \u00e0s perspectivas para a final por equipes, a treinadora Iryna Ilyashenko disse que acredita na possibilidade de o Brasil performar ainda melhor. \u201cAcho que temos ainda uma reserva e vamos tentar realizar tudo na final por equipes. Vamos ver se a gente alcan\u00e7a um melhor resultado\u201d.<\/p>\n<p><strong>Masculina<\/strong><\/p>\n<p>A etapa classificat\u00f3ria para a sele\u00e7\u00e3o masculina ser\u00e1 nesta segunda-feira (31.10). \u201cO primeiro objetivo \u00e9 ficarmos entre os oito melhores nas classificat\u00f3rias por equipe e, consequentemente, avan\u00e7ar \u00e0 final. Uma vez na final, podemos at\u00e9 fazer experi\u00eancias, testando atletas e elementos. Temos tamb\u00e9m a expectativa de pegar finais no individual geral e em pelo menos tr\u00eas aparelhos\u201d, afirmou coordenador da sele\u00e7\u00e3o masculina, Marcos Goto.<\/p>\n<p>Os crit\u00e9rios adotados para convoca\u00e7\u00e3o da equipe levaram em conta tamb\u00e9m o futuro da sele\u00e7\u00e3o. \u201cComo \u00e9 um Mundial preparat\u00f3rio, que n\u00e3o define classifica\u00e7\u00e3o para a Olimp\u00edada de 2024, trouxemos uma equipe mesclada, com atletas experientes e outros mais novos. N\u00f3s temos dois atletas que vieram do ciclo de 2016, um ginasta que veio do ciclo de 2020 e mais dois que est\u00e3o se preparando para 2024 e da\u00ed para a frente\u201d, declarou o treinador.<\/p>\n<p><strong>Classificat\u00f3ria &#8211; EQUIPE FEMININA<\/strong><\/p>\n<p>1) EUA \u2013 167.263<br \/>\n2) Gr\u00e3-Bretanha \u2013 164.595<br \/>\n3) BRASIL \u2013 163.563<br \/>\n4) It\u00e1lia \u2013 163.563<br \/>\n5) Jap\u00e3o \u2013 162.564<br \/>\n6) China \u2013 162.064<br \/>\n7) Fran\u00e7a \u2013 161.428<br \/>\n8) Canad\u00e1 \u2013 159.661<\/p>\n<p><strong>Classificat\u00f3ria &#8211; INDIVIDUAL GERAL<\/strong><\/p>\n<p>1) REBECA ANDRADE \u2013 BRASIL \u2013 57.332<br \/>\n2) Shilese Jones \u2013 EUA \u2013 55.766<br \/>\n3) Jade Carey \u2013 EUA \u2013 55.132<br \/>\n4) Martina Maggio \u2013 It\u00e1lia \u2013 54.800<br \/>\n5) Jessica Gadirova \u2013 Gr\u00e3-Bretanha \u2013 54.599<br \/>\n6) Yushan Ou \u2013 China \u2013 54.466<br \/>\n7) Alice D\u2019Amato \u2013 It\u00e1lia \u2013 54.366<br \/>\n8) Shoko Miyata \u2013 Jap\u00e3o \u2013 54.166<br \/>\n9) Naomi Visser \u2013 Holanda \u2013 54.165<br \/>\n10) FL\u00c1VIA SARAIVA \u2013 BRASIL \u2013 54.133<br \/>\n11) Elsabeth Black \u2013 Canad\u00e1 \u2013 54.131<br \/>\n12) Melanie de Jesus dos Santos \u2013 Fran\u00e7a \u2013 53.865<br \/>\n13) Alice Kinsella \u2013 Gr\u00e3-Bretanha \u2013 53.798<br \/>\n14) Georgia Godwin \u2013 Austr\u00e1lia \u2013 52.866<br \/>\n15) Xijing Tang \u2013 China \u2013 52.865<br \/>\n16) Carolann Hedut \u2013 Fran\u00e7a \u2013 52.698<\/p>\n<p><strong>SOLO<\/strong><\/p>\n<p>1) FL\u00c1VIA SARAIVA \u2013 BRASIL \u2013 14.200<br \/>\n2) REBECA ANDRADE \u2013 BRASIL \u2013 14.200<br \/>\n3) Jessica Gadirova \u2013 Gr\u00e3-Bretanha \u2013 14.100<br \/>\n4) Jordan Chiles \u2013 EUA \u2013 14.100<br \/>\n5) Jade Carey \u2013 EUA \u2013 14.066<br \/>\n6) Naomi Visser \u2013 Holanda \u2013 13.666<br \/>\n7) Jennifer Gadirova \u2013 Gr\u00e3-Bretanha \u2013 13.600<br \/>\n8) Alice D\u2019Amato \u2013 It\u00e1lia \u2013 13.600<\/p>\n<p><strong>PARALELAS ASSIM\u00c9TRICAS<\/strong><\/p>\n<p>1) Rui Luo \u2013 China \u2013 14.900<br \/>\n2) Nina Derwael \u2013 B\u00e9lgica \u2013 14.700<br \/>\n3) REBECA ANDRADE \u2013 BRASIL \u2013 14.666<br \/>\n4) Wei Xiaoyuan \u2013 China \u2013 14.600<br \/>\n5) Shilese Jones \u2013 EUA \u2013 14.566<br \/>\n6) Sanna Veerman \u2013 Holanda \u2013 14.533<br \/>\n7) Naomi Visser \u2013 Holanda \u2013 14.400<br \/>\n8) Elisabeth Seitz \u2013 Alemanha \u2013 14.400<\/p>\n<p><strong>TRAVE DE EQUIL\u00cdBRIO<\/strong><\/p>\n<p>1) Yushan Ou \u2013 China \u2013 13.900<br \/>\n2) Skye Blakely \u2013 EUA \u2013 13.733<br \/>\n3) Shoko Miyata \u2013 Jap\u00e3o \u2013 13.700<br \/>\n4) Marine Boyer \u2013 Fran\u00e7a \u2013 13.666<br \/>\n5) Hazuki Watanabe \u2013 Jap\u00e3o \u2013 13.600<br \/>\n6) Zsofia Kovacs \u2013 Hungria \u2013 13.533<br \/>\n7) Ayaka sakaguchi \u2013 Jap\u00e3o \u2013 13.466<br \/>\n8) REBECA ANDRADE \u2013 BRASIL \u2013 13.400<\/p>\n<p><strong>SALTO<\/strong><\/p>\n<p>1) Jade Carey \u2013 EUA \u2013 14.483<br \/>\n2) Jordan Chiles \u2013 EUA \u2013 14.316<br \/>\n3) Coline Devillard \u2013 Fran\u00e7a \u2013 14.299<br \/>\n4) Seojeong Yeo \u2013 Coreia do Sul \u2013 14.249<br \/>\n5) Jessica Gadirova \u2013 Gr\u00e3-Bretanha \u2013 14.200<br \/>\n6) Elsabeth Black \u2013 Canad\u00e1 \u2013 13.749<br \/>\n7) Shoko Miyata \u2013 Jap\u00e3o \u2013 13.666<br \/>\n8) Lisa Vaelen \u2013 B\u00e9lgica \u2013 13.499<\/p>\n<p>Fonte: Confedera\u00e7\u00e3o Brasileira de Gin\u00e1stica<\/p>\n","protected":false},"excerpt":{"rendered":"<p>O Brasil come\u00e7ou a jornada no Mundial de Gin\u00e1stica de Liverpool com excelente desempenho. As brasileiras avan\u00e7aram \u00e0 final da competi\u00e7\u00e3o por equipes em terceiro lugar, somando 163.563 pontos. No individual geral, Rebeca Andrade foi para a final em primeiro, somando 57.332 pontos, outro feito in\u00e9dito. Rebeca se classificou ainda em segundo para a final [&hellip;]<\/p>\n","protected":false},"author":246,"featured_media":206152,"comment_status":"closed","ping_status":"closed","sticky":false,"template":"","format":"standard","meta":{"footnotes":""},"categories":[436,257,439],"tags":[],"class_list":["post-206151","post","type-post","status-publish","format-standard","has-post-thumbnail","hentry","category-destaque-da-semana","category-esporte","category-ultima-hora"],"_links":{"self":[{"href":"https:\/\/diarioregionaldigital.com.br\/index.php?rest_route=\/wp\/v2\/posts\/206151","targetHints":{"allow":["GET"]}}],"collection":[{"href":"https:\/\/diarioregionaldigital.com.br\/index.php?rest_route=\/wp\/v2\/posts"}],"about":[{"href":"https:\/\/diarioregionaldigital.com.br\/index.php?rest_route=\/wp\/v2\/types\/post"}],"author":[{"embeddable":true,"href":"https:\/\/diarioregionaldigital.com.br\/index.php?rest_route=\/wp\/v2\/users\/246"}],"replies":[{"embeddable":true,"href":"https:\/\/diarioregionaldigital.com.br\/index.php?rest_route=%2Fwp%2Fv2%2Fcomments&post=206151"}],"version-history":[{"count":1,"href":"https:\/\/diarioregionaldigital.com.br\/index.php?rest_route=\/wp\/v2\/posts\/206151\/revisions"}],"predecessor-version":[{"id":206153,"href":"https:\/\/diarioregionaldigital.com.br\/index.php?rest_route=\/wp\/v2\/posts\/206151\/revisions\/206153"}],"wp:featuredmedia":[{"embeddable":true,"href":"https:\/\/diarioregionaldigital.com.br\/index.php?rest_route=\/wp\/v2\/media\/206152"}],"wp:attachment":[{"href":"https:\/\/diarioregionaldigital.com.br\/index.php?rest_route=%2Fwp%2Fv2%2Fmedia&parent=206151"}],"wp:term":[{"taxonomy":"category","embeddable":true,"href":"https:\/\/diarioregionaldigital.com.br\/index.php?rest_route=%2Fwp%2Fv2%2Fcategories&post=206151"},{"taxonomy":"post_tag","embeddable":true,"href":"https:\/\/diarioregionaldigital.com.br\/index.php?rest_route=%2Fwp%2Fv2%2Ftags&post=206151"}],"curies":[{"name":"wp","href":"https:\/\/api.w.org\/{rel}","templated":true}]}}