{"id":206148,"date":"2022-11-01T21:24:01","date_gmt":"2022-11-02T00:24:01","guid":{"rendered":"https:\/\/diarioregionaldigital.com.br\/?p=206148"},"modified":"2022-11-01T21:24:01","modified_gmt":"2022-11-02T00:24:01","slug":"brasil-perde-final-da-copa-america-para-argentina-nos-penaltis","status":"publish","type":"post","link":"https:\/\/diarioregionaldigital.com.br\/?p=206148","title":{"rendered":"Brasil perde final da Copa Am\u00e9rica para Argentina nos p\u00eanaltis"},"content":{"rendered":"<div class=\"\">\n<div id=\"content\">\n<article>\n<div id=\"content-core\">\n<div id=\"parent-fieldname-text\" class=\"\">\n<div>\n<p>A sele\u00e7\u00e3o brasileira de futebol de cegos foi derrotada pela Argentina nos p\u00eanaltis por 2 a 1 na sexta-feira (28.10), em C\u00f3rdoba, na Argentina, e ficou com o vice-campeonato da Copa Am\u00e9rica da modalidade. Nas cobran\u00e7as, Nonato e Jardiel desperdi\u00e7aram para o Brasil e decretaram o tetracampeonato continental para os argentinos ap\u00f3s o empate por 0 a 0 no tempo normal.<\/p>\n<p>Antes, os argentinos haviam conquistado o t\u00edtulo da Copa Am\u00e9rica em 2017, 2005 e 1999. J\u00e1 o Brasil buscava o hepta ap\u00f3s as conquistas em 1997, 2001, 2003, 2009, 2013 e 2019. Os brasileiros estiveram presentes em todas as decis\u00f5es desde 1997, quando foi realizada a primeira edi\u00e7\u00e3o do torneio.<\/p>\n<p>O jogo tamb\u00e9m foi mais um encontro dos dos pa\u00edses em uma final de futebol de cegos. Na hist\u00f3ria de todos os campeonatos da modalidade, esta foi a 26\u00aa final entre os rivais, com 22 conquistas para o Brasil \u2013 uma das mais importantes foi a decis\u00e3o dos Jogos Paral\u00edmpicos de T\u00f3quio 2020, quando o Brasil saiu vencedor por 1 a 0 e ganhador da medalha de ouro.<\/p>\n<p>Brasil e Argentina haviam sido finalistas das \u00faltimas cinco edi\u00e7\u00f5es da Copa Am\u00e9rica, com tr\u00eas t\u00edtulos para os brasileiros (2009, 2013 e 2019) e dois para os argentinos (2005 e 2017). As duas sele\u00e7\u00f5es tamb\u00e9m se cruzaram em C\u00f3rdoba, na segunda rodada, quando os brasileiros levaram a melhor e venceram por 1 a 0.<\/p>\n<p>A decis\u00e3o foi o s\u00e9timo jogo entre os arquirrivais neste ano. O retrospecto era amplamente favor\u00e1vel \u00e0 sele\u00e7\u00e3o brasileira, que havia ganhado quatro, empatado uma e perdido somente um jogo \u2013 a primeira derrota do pa\u00eds na modalidade em nove anos, levando-se em conta somente placares do tempo regulamentar, sem a disputa de p\u00eanaltis.<\/p>\n<p>Em rela\u00e7\u00e3o a t\u00edtulos, a Copa Am\u00e9rica foi a primeira competi\u00e7\u00e3o em que o Brasil foi derrotado pelos arquirrivais. Antes, ganhou todos da Argentina em 2022: Grand Prix do M\u00e9xico, Copa Tango e Desafio das Am\u00e9ricas.<\/p>\n<p>O torneio garantiu aos quatro mais bem colocados um lugar nos Jogos Parapan-Americanos 2023, em Santiago, no Chile, al\u00e9m de garantir ao campe\u00e3o, vaga no Mundial da modalidade que ser\u00e1 realizado em Birmingham, na Inglaterra tamb\u00e9m no pr\u00f3ximo ano. Para esta competi\u00e7\u00e3o, os brasileiros j\u00e1 estavam classificados devido ao t\u00edtulo do Grand Prix Mundial do M\u00e9xico, conquistado em agosto.<\/p>\n<p><strong>A decis\u00e3o<\/strong><\/p>\n<p>O jogo come\u00e7ou bem aberto, com as duas equipes apostando em r\u00e1pidos avan\u00e7os para o ataque em busca de supreender as defesas advers\u00e1rias. A Argentina chegou a criar as melhores oportunidades, mas errou no momento das finaliza\u00e7\u00f5es.<\/p>\n<p>O Brasil tentou reagir com algumas jogadas individuais com Ricardinho e Nonato. Em uma delas, quase marcou, com o camisa 8 pernambucano, que conduziu a bola desde o meio da quadra e, ao entrar na grande \u00e1rea argentina, chutou \u00e0 esquerda do gol rival.<\/p>\n<p>Nonato voltou a ter duas grandes chances de abrir o placar na etapa final, mas ora parou nas m\u00e3os do goleiro German Muleck ora finalizou pela linha de fundo. Por\u00e9m, o segundo tempo foi mais equilibrado que o primeiro e o empate permaneceu at\u00e9 o apito final.<\/p>\n<p>Nas penalidades, C\u00e1ssio converteu para o Brasil, enquanto Maximiliano Espinillo e Gonz\u00e1lez converteram para a Argentina. Mas Nonato e Jardiel desperdi\u00e7aram suas cobran\u00e7as e deram o t\u00edtulo por 2 a 1 para os argentinos, que ainda tiveram Braian L\u00f3pez errando o seu chute tamb\u00e9m.<\/p>\n<p>Mais cedo, na disputa pelo terceiro lugar, a Col\u00f4mbia bateu o Chile por 2 a 0 e conquistou a terceira coloca\u00e7\u00e3o no p\u00f3dio da competi\u00e7\u00e3o.<\/p>\n<p><strong>TABELA<\/strong><\/p>\n<p>DOMINGO \u2013 23 DE OUTUBRO<br \/>\nPeru 1&#215;5 Argentina<br \/>\nChile 1&#215;0 Col\u00f4mbia<br \/>\nM\u00e9xico 0x1 Brasil<\/p>\n<p>SEGUNDA-FEIRA \u2013 24 DE OUTUBRO<br \/>\nPeru 1&#215;1 Chile<br \/>\nArgentina 0x1 Brasil<br \/>\nCol\u00f4mbia 5&#215;1 M\u00e9xico<\/p>\n<p>TER\u00c7A-FEIRA \u2013 25 DE OUTUBRO<br \/>\nPeru 1&#215;4 Col\u00f4mbia<br \/>\nArgentina 2&#215;0 M\u00e9xico<br \/>\nChile 0x6 Brasil<\/p>\n<p>QUARTA-FEIRA \u2013 26 DE OUTUBRO<br \/>\nPeru 1&#215;1 M\u00e9xico<br \/>\nArgentina 2&#215;0 Chile<br \/>\nCol\u00f4mbia 0x4 Brasil<\/p>\n<p>QUINTA-FEIRA \u2013 27 DE OUTUBRO<br \/>\nPeru 1&#215;1 Brasil<br \/>\nArgentina 4&#215;0 Col\u00f4mbia<br \/>\nChile 0x0 M\u00e9xico<\/p>\n<p>SEXTA-FEIRA \u2013 28 DE OUTUBRO<\/p>\n<p>Disputa de 3\u00ba lugar<br \/>\nCol\u00f4mbia 2&#215;0 Chile<\/p>\n<p>Final<br \/>\nBrasil 0 (1)x(2) 0 Argentina<\/p>\n<\/div>\n<\/div>\n<\/div>\n<div class=\"visualClear\">Fonte: Comit\u00ea Paral\u00edmpico Brasileiro (CPB)<\/div>\n<div class=\"documentActions\"><\/div>\n<\/article>\n<\/div>\n<\/div>\n<div id=\"viewlet-below-content\">\n<div class=\"horizontal\">\n<div class=\"sociallike-network-facebook\">\n<div class=\"fb-share-button fb_iframe_widget\" data-layout=\"button_count\" data-href=\"http:\/\/rededoesporte.gov.br\/pt-br\/noticias\/brasil-perde-final-da-copa-america-para-argentina-nos-penaltis\"><\/div>\n<\/div>\n<\/div>\n<\/div>\n","protected":false},"excerpt":{"rendered":"<p>A sele\u00e7\u00e3o brasileira de futebol de cegos foi derrotada pela Argentina nos p\u00eanaltis por 2 a 1 na sexta-feira (28.10), em C\u00f3rdoba, na Argentina, e ficou com o vice-campeonato da Copa Am\u00e9rica da modalidade. Nas cobran\u00e7as, Nonato e Jardiel desperdi\u00e7aram para o Brasil e decretaram o tetracampeonato continental para os argentinos ap\u00f3s o empate por [&hellip;]<\/p>\n","protected":false},"author":246,"featured_media":206149,"comment_status":"closed","ping_status":"closed","sticky":false,"template":"","format":"standard","meta":{"footnotes":""},"categories":[436,257,439],"tags":[],"class_list":["post-206148","post","type-post","status-publish","format-standard","has-post-thumbnail","hentry","category-destaque-da-semana","category-esporte","category-ultima-hora"],"_links":{"self":[{"href":"https:\/\/diarioregionaldigital.com.br\/index.php?rest_route=\/wp\/v2\/posts\/206148","targetHints":{"allow":["GET"]}}],"collection":[{"href":"https:\/\/diarioregionaldigital.com.br\/index.php?rest_route=\/wp\/v2\/posts"}],"about":[{"href":"https:\/\/diarioregionaldigital.com.br\/index.php?rest_route=\/wp\/v2\/types\/post"}],"author":[{"embeddable":true,"href":"https:\/\/diarioregionaldigital.com.br\/index.php?rest_route=\/wp\/v2\/users\/246"}],"replies":[{"embeddable":true,"href":"https:\/\/diarioregionaldigital.com.br\/index.php?rest_route=%2Fwp%2Fv2%2Fcomments&post=206148"}],"version-history":[{"count":1,"href":"https:\/\/diarioregionaldigital.com.br\/index.php?rest_route=\/wp\/v2\/posts\/206148\/revisions"}],"predecessor-version":[{"id":206150,"href":"https:\/\/diarioregionaldigital.com.br\/index.php?rest_route=\/wp\/v2\/posts\/206148\/revisions\/206150"}],"wp:featuredmedia":[{"embeddable":true,"href":"https:\/\/diarioregionaldigital.com.br\/index.php?rest_route=\/wp\/v2\/media\/206149"}],"wp:attachment":[{"href":"https:\/\/diarioregionaldigital.com.br\/index.php?rest_route=%2Fwp%2Fv2%2Fmedia&parent=206148"}],"wp:term":[{"taxonomy":"category","embeddable":true,"href":"https:\/\/diarioregionaldigital.com.br\/index.php?rest_route=%2Fwp%2Fv2%2Fcategories&post=206148"},{"taxonomy":"post_tag","embeddable":true,"href":"https:\/\/diarioregionaldigital.com.br\/index.php?rest_route=%2Fwp%2Fv2%2Ftags&post=206148"}],"curies":[{"name":"wp","href":"https:\/\/api.w.org\/{rel}","templated":true}]}}