{"id":206145,"date":"2022-11-01T21:22:33","date_gmt":"2022-11-02T00:22:33","guid":{"rendered":"https:\/\/diarioregionaldigital.com.br\/?p=206145"},"modified":"2022-11-01T21:22:33","modified_gmt":"2022-11-02T00:22:33","slug":"selecao-de-badminton-paralimpico-estreia-no-mundial-de-toquio","status":"publish","type":"post","link":"https:\/\/diarioregionaldigital.com.br\/?p=206145","title":{"rendered":"Sele\u00e7\u00e3o de badminton paral\u00edmpico estreia no Mundial de T\u00f3quio"},"content":{"rendered":"<p>A Sele\u00e7\u00e3o Brasileira de badminton paral\u00edmpico est\u00e1 em T\u00f3quio, no Jap\u00e3o, para o Mundial da modalidade. O palco \u00e9 o mesmo gin\u00e1sio que recebeu as partidas na \u00faltima edi\u00e7\u00e3o dos Jogos Paral\u00edmpicos. A competi\u00e7\u00e3o segue at\u00e9 domingo, 6 de outubro.<\/p>\n<p>Ao todo, s\u00e3o oito atletas convocados (veja a lista abaixo), entre os quais est\u00e1 o paranaense Vitor Tavares, da classe SH6 (atletas de baixa estatura), \u00fanico representante do pa\u00eds nos Jogos Paral\u00edmpicos de T\u00f3quio 2020, torneio no qual terminou na quarta coloca\u00e7\u00e3o.<\/p>\n<p><strong>Veja a lista de convocados para o Mundial:<\/strong><\/p>\n<p>Adriane Spinetti Avila &#8211; S\u00c3O BERNARDO BADMINTON\/SP &#8211; Classe SL3<br \/>\nAuricelia Nunes Evangelista &#8211; FUNDA\u00c7\u00c3O NOSSA SENHORA DA PAZ\/PI &#8211; Classe WH1<br \/>\nBreno Eduardo Johann &#8211; A\u00c7\u00c3O SOCIAL S\u00c3O VICENTE DE PAULO\/PR &#8211; Classe SL4<br \/>\nJ\u00falio Cesar Godoy &#8211; ASSOCIA\u00c7\u00c3O ESPORTIVA SANKALP\/SP- Classe WH2<br \/>\nMarcelo Alves Concei\u00e7\u00e3o &#8211; CETEFE\/ CID PARAL\u00cdMPICO\/ IBRES\/DF &#8211; Classe WH1<br \/>\nMaria Gilda dos Santos D. Antunes &#8211; ASSOCIA\u00c7\u00c3O MOVE SPOR CLUB\/SE &#8211; Classe WH2<br \/>\nRog\u00e9rio J\u00fanior Xavier de Oliveira &#8211; BADMINTON ZARDO SOCIEDADE MORGENAU\/PR &#8211; Classe SL4<br \/>\nVitor Gon\u00e7alves Tavares &#8211; BADMINTON ZARDO SOCIEDADE MORGENAU\/PR &#8211; Classe SH6<\/p>\n<p>Fonte: Comit\u00ea Paral\u00edmpico Brasileiro<\/p>\n","protected":false},"excerpt":{"rendered":"<p>A Sele\u00e7\u00e3o Brasileira de badminton paral\u00edmpico est\u00e1 em T\u00f3quio, no Jap\u00e3o, para o Mundial da modalidade. O palco \u00e9 o mesmo gin\u00e1sio que recebeu as partidas na \u00faltima edi\u00e7\u00e3o dos Jogos Paral\u00edmpicos. A competi\u00e7\u00e3o segue at\u00e9 domingo, 6 de outubro. Ao todo, s\u00e3o oito atletas convocados (veja a lista abaixo), entre os quais est\u00e1 o [&hellip;]<\/p>\n","protected":false},"author":246,"featured_media":206146,"comment_status":"closed","ping_status":"closed","sticky":false,"template":"","format":"standard","meta":{"footnotes":""},"categories":[436,257,439],"tags":[],"class_list":["post-206145","post","type-post","status-publish","format-standard","has-post-thumbnail","hentry","category-destaque-da-semana","category-esporte","category-ultima-hora"],"_links":{"self":[{"href":"https:\/\/diarioregionaldigital.com.br\/index.php?rest_route=\/wp\/v2\/posts\/206145","targetHints":{"allow":["GET"]}}],"collection":[{"href":"https:\/\/diarioregionaldigital.com.br\/index.php?rest_route=\/wp\/v2\/posts"}],"about":[{"href":"https:\/\/diarioregionaldigital.com.br\/index.php?rest_route=\/wp\/v2\/types\/post"}],"author":[{"embeddable":true,"href":"https:\/\/diarioregionaldigital.com.br\/index.php?rest_route=\/wp\/v2\/users\/246"}],"replies":[{"embeddable":true,"href":"https:\/\/diarioregionaldigital.com.br\/index.php?rest_route=%2Fwp%2Fv2%2Fcomments&post=206145"}],"version-history":[{"count":1,"href":"https:\/\/diarioregionaldigital.com.br\/index.php?rest_route=\/wp\/v2\/posts\/206145\/revisions"}],"predecessor-version":[{"id":206147,"href":"https:\/\/diarioregionaldigital.com.br\/index.php?rest_route=\/wp\/v2\/posts\/206145\/revisions\/206147"}],"wp:featuredmedia":[{"embeddable":true,"href":"https:\/\/diarioregionaldigital.com.br\/index.php?rest_route=\/wp\/v2\/media\/206146"}],"wp:attachment":[{"href":"https:\/\/diarioregionaldigital.com.br\/index.php?rest_route=%2Fwp%2Fv2%2Fmedia&parent=206145"}],"wp:term":[{"taxonomy":"category","embeddable":true,"href":"https:\/\/diarioregionaldigital.com.br\/index.php?rest_route=%2Fwp%2Fv2%2Fcategories&post=206145"},{"taxonomy":"post_tag","embeddable":true,"href":"https:\/\/diarioregionaldigital.com.br\/index.php?rest_route=%2Fwp%2Fv2%2Ftags&post=206145"}],"curies":[{"name":"wp","href":"https:\/\/api.w.org\/{rel}","templated":true}]}}