{"id":206133,"date":"2022-11-01T21:04:55","date_gmt":"2022-11-02T00:04:55","guid":{"rendered":"https:\/\/diarioregionaldigital.com.br\/?p=206133"},"modified":"2022-11-01T21:04:55","modified_gmt":"2022-11-02T00:04:55","slug":"governadores-ordenam-desobstrucao-de-rodovias-bloqueadas","status":"publish","type":"post","link":"https:\/\/diarioregionaldigital.com.br\/?p=206133","title":{"rendered":"Governadores ordenam desobstru\u00e7\u00e3o de rodovias bloqueadas"},"content":{"rendered":"<p>Governadores de diferentes unidades da Federa\u00e7\u00e3o se manifestaram nesta\u00a0ter\u00e7a-feira (1\u00ba) determinando o desbloqueio de rodovias que foram interditadas por apoiadores do presidente Jair Bolsonaro que n\u00e3o aceitam o resultado das elei\u00e7\u00f5es presidenciais.\u00a0<img decoding=\"async\" src=\"https:\/\/agenciabrasil.ebc.com.br\/ebc.png?id=1491838&amp;o=node\" \/><img decoding=\"async\" src=\"https:\/\/agenciabrasil.ebc.com.br\/ebc.gif?id=1491838&amp;o=node\" \/><\/p>\n<p>Os bloqueios t\u00eam causado uma s\u00e9rie de preju\u00edzos, como o transporte de\u00a0<a href=\"https:\/\/agenciabrasil.ebc.com.br\/geral\/noticia\/2022-11\/bloqueios-podem-afetar-transporte-de-oxigenio-para-hospitais\" target=\"_blank\" rel=\"noopener\">oxig\u00eanio hospitalar<\/a>\u00a0e o\u00a0<a href=\"https:\/\/agenciabrasil.ebc.com.br\/geral\/noticia\/2022-11\/aeroportos-podem-sofrer-com-desabastecimento-alerta-abear\" target=\"_blank\" rel=\"noopener\">desabastecimento de aeroportos<\/a>. No primeiro pronunciamento feito depois do resultado das elei\u00e7\u00f5es , na tarde de hoje,\u00a0<a href=\"https:\/\/agenciabrasil.ebc.com.br\/politica\/noticia\/2022-11\/presidente-critica-manifestacoes-que-prejudicam-populacao\" target=\"_blank\" rel=\"noopener\">Bolsonaro criticou<\/a>\u00a0as manifesta\u00e7\u00f5es, que prejudicam a popula\u00e7\u00e3o.<\/p>\n<p>No Distrito Federal, o governador Ibaneis Rocha (MDB) afirmou que \u00e9 preciso respeitar o resultado das urnas e condenou os bloqueios. Ele tamb\u00e9m informou que autorizou todos os meios legais para garantir os direito de ir e vir nas rodovias de acesso \u00e0 capital.<\/p>\n<p>&#8220;O resultado das urnas deve ser respeitado e o bloqueio das vias p\u00fablicas \u00e9 ilegal. Estou acompanhando os movimentos junto \u00e0s for\u00e7as de seguran\u00e7a do DF, que est\u00e3o autorizadas a usar todos os meios legais para resolver o problema e garantir o direito da maioria&#8221;, postou em uma rede social.<\/p>\n<p>Em Minas Gerais, o governador Romeu Zema (Novo) tamb\u00e9m pediu a\u00e7\u00e3o das for\u00e7as estaduais de seguran\u00e7a para liberar vias bloqueadas no estado.<\/p>\n<p>&#8220;Solicitei \u00e0s nossas For\u00e7as de Seguran\u00e7a para desobstruir qualquer via ou estrada interditada por manifesta\u00e7\u00f5es. A elei\u00e7\u00e3o j\u00e1 acabou, temos que assegurar o direito de todos de ir e vir, e tamb\u00e9m que mercadorias cheguem onde precisam pra n\u00e3o haver desabastecimento. Vamos cumprir a lei&#8221;, postou.<\/p>\n<p>Pela manh\u00e3, o governador de S\u00e3o Paulo Rodrigo Garcia (PSDB) tamb\u00e9m j\u00e1 havia se manifestado. &#8220;Bloqueio de estradas \u00e9 inadmiss\u00edvel. As pessoas t\u00eam o direito de ir e vir&#8221;. Segundo ele, um gabinete de crise foi montado para garantir a libera\u00e7\u00e3o das estradas paulistas.<\/p>\n<p><span style=\"font-weight: 400;\">Fonte:\u00a0 Ag\u00eancia Brasil <\/span><\/p>\n","protected":false},"excerpt":{"rendered":"<p>Governadores de diferentes unidades da Federa\u00e7\u00e3o se manifestaram nesta\u00a0ter\u00e7a-feira (1\u00ba) determinando o desbloqueio de rodovias que foram interditadas por apoiadores do presidente Jair Bolsonaro que n\u00e3o aceitam o resultado das elei\u00e7\u00f5es presidenciais.\u00a0 Os bloqueios t\u00eam causado uma s\u00e9rie de preju\u00edzos, como o transporte de\u00a0oxig\u00eanio hospitalar\u00a0e o\u00a0desabastecimento de aeroportos. No primeiro pronunciamento feito depois do resultado [&hellip;]<\/p>\n","protected":false},"author":246,"featured_media":206134,"comment_status":"closed","ping_status":"closed","sticky":false,"template":"","format":"standard","meta":{"footnotes":""},"categories":[436,254,439],"tags":[],"class_list":["post-206133","post","type-post","status-publish","format-standard","has-post-thumbnail","hentry","category-destaque-da-semana","category-politica","category-ultima-hora"],"_links":{"self":[{"href":"https:\/\/diarioregionaldigital.com.br\/index.php?rest_route=\/wp\/v2\/posts\/206133","targetHints":{"allow":["GET"]}}],"collection":[{"href":"https:\/\/diarioregionaldigital.com.br\/index.php?rest_route=\/wp\/v2\/posts"}],"about":[{"href":"https:\/\/diarioregionaldigital.com.br\/index.php?rest_route=\/wp\/v2\/types\/post"}],"author":[{"embeddable":true,"href":"https:\/\/diarioregionaldigital.com.br\/index.php?rest_route=\/wp\/v2\/users\/246"}],"replies":[{"embeddable":true,"href":"https:\/\/diarioregionaldigital.com.br\/index.php?rest_route=%2Fwp%2Fv2%2Fcomments&post=206133"}],"version-history":[{"count":1,"href":"https:\/\/diarioregionaldigital.com.br\/index.php?rest_route=\/wp\/v2\/posts\/206133\/revisions"}],"predecessor-version":[{"id":206135,"href":"https:\/\/diarioregionaldigital.com.br\/index.php?rest_route=\/wp\/v2\/posts\/206133\/revisions\/206135"}],"wp:featuredmedia":[{"embeddable":true,"href":"https:\/\/diarioregionaldigital.com.br\/index.php?rest_route=\/wp\/v2\/media\/206134"}],"wp:attachment":[{"href":"https:\/\/diarioregionaldigital.com.br\/index.php?rest_route=%2Fwp%2Fv2%2Fmedia&parent=206133"}],"wp:term":[{"taxonomy":"category","embeddable":true,"href":"https:\/\/diarioregionaldigital.com.br\/index.php?rest_route=%2Fwp%2Fv2%2Fcategories&post=206133"},{"taxonomy":"post_tag","embeddable":true,"href":"https:\/\/diarioregionaldigital.com.br\/index.php?rest_route=%2Fwp%2Fv2%2Ftags&post=206133"}],"curies":[{"name":"wp","href":"https:\/\/api.w.org\/{rel}","templated":true}]}}