{"id":206130,"date":"2022-11-01T21:02:37","date_gmt":"2022-11-02T00:02:37","guid":{"rendered":"https:\/\/diarioregionaldigital.com.br\/?p=206130"},"modified":"2022-11-01T21:02:37","modified_gmt":"2022-11-02T00:02:37","slug":"presidente-critica-manifestacoes-que-prejudicam-populacao","status":"publish","type":"post","link":"https:\/\/diarioregionaldigital.com.br\/?p=206130","title":{"rendered":"Presidente critica manifesta\u00e7\u00f5es que prejudicam popula\u00e7\u00e3o"},"content":{"rendered":"<p>Pela primeira vez, o presidente Jair Bolsonaro se pronunciou sobre os resultados das elei\u00e7\u00f5es, na tarde desta ter\u00e7a-feira (1\u00ba), no Pal\u00e1cio do Alvorada, resid\u00eancia oficial. A manifesta\u00e7\u00e3o ocorreu dois dias depois da vit\u00f3ria de Luiz In\u00e1cio Lula da Silva (PT), eleito pela terceira vez para a Presid\u00eancia da Rep\u00fablica no domingo (30).<img decoding=\"async\" src=\"https:\/\/agenciabrasil.ebc.com.br\/ebc.png?id=1491825&amp;o=node\" \/><img decoding=\"async\" src=\"https:\/\/agenciabrasil.ebc.com.br\/ebc.gif?id=1491825&amp;o=node\" \/><\/p>\n<p>Bolsonaro apareceu, num p\u00falpito previamente preparado, acompanhado por diversos ministros do seu governo e aliados pol\u00edticos. Foram pouco mais de dois minutos de uma declara\u00e7\u00e3o lida, em que o presidente agradeceu pela vota\u00e7\u00e3o recebida, sem citar o presidente eleito. Ele tamb\u00e9m comentou sobre as manifesta\u00e7\u00f5es de apoiadores que est\u00e3o bloqueando rodovias em diversos estados do pa\u00eds. Os bloqueios t\u00eam causado uma s\u00e9rie de preju\u00edzos, como\u00a0<a href=\"https:\/\/agenciabrasil.ebc.com.br\/geral\/noticia\/2022-11\/bloqueios-podem-afetar-transporte-de-oxigenio-para-hospitais\" target=\"_blank\" rel=\"noopener\">transporte de oxig\u00eanio hospitalar<\/a>\u00a0e\u00a0<a href=\"https:\/\/agenciabrasil.ebc.com.br\/geral\/noticia\/2022-11\/aeroportos-podem-sofrer-com-desabastecimento-alerta-abear\" target=\"_blank\" rel=\"noopener\">desabastecimento de aeroportos<\/a>.<\/p>\n<p>&#8220;Quero come\u00e7ar agradecendo os 58 milh\u00f5es de brasileiros que votaram em mim no ultimo dia 30 de outubro. Os atuais movimentos populares s\u00e3o fruto de indigna\u00e7\u00e3o e sentimento injusti\u00e7a de como se deu o processo eleitoral. As manifesta\u00e7\u00f5es pac\u00edficas sempre ser\u00e3o bem-vindas, mas os nossos m\u00e9todos n\u00e3o podem ser os da esquerda, que sempre prejudicaram a popula\u00e7\u00e3o, como invas\u00e3o de propriedade, destrui\u00e7\u00e3o do patrim\u00f4nio e direito de ir e vir&#8221;, afirmou.<\/p>\n<p>Com 100% das urnas apuradas pelo Tribunal Superior Eleitoral (TSE), Lula obteve 60,3 milh\u00f5es de votos, o que corresponde a 50,90% dos votos v\u00e1lidos. J\u00e1 o presidente Jair Bolsonaro ficou com 49,10% dos votos, somando 58,2 milh\u00f5es de sufr\u00e1gios.<\/p>\n<p>Bolsonaro tamb\u00e9m afirmou que vai cumprir a Constitui\u00e7\u00e3o Federal e mencionou sua condi\u00e7\u00e3o de l\u00edder de milh\u00f5es de brasileiros. &#8220;Enquanto presidente da Rep\u00fablica e cidad\u00e3o, continuarei cumprindo todos os mandamentos da nossa Constitui\u00e7\u00e3o. \u00c9 uma honra ser o l\u00edder de milh\u00f5es de brasileiros que, como eu, defendem a liberdade econ\u00f4mica, a liberdade religiosa, a liberdade de opini\u00e3o, a honestidade e as cores verde e amarela da nossa bandeira&#8221;.<\/p>\n<h2>Transi\u00e7\u00e3o<\/h2>\n<p>Ap\u00f3s ler o discurso, Bolsonaro deixou o sal\u00e3o central do Pal\u00e1cio do Alvorada com sua equipe e, em seguida, o ministro-chefe da Casa Civil, Ciro Nogueira, fez uma declara\u00e7\u00e3o complementar sobre a transi\u00e7\u00e3o de governo.<\/p>\n<p>&#8220;O presidente Jair Messias Bolsonaro me autorizou, quando for provocado, com base na lei, n\u00f3s iniciaremos o processo de transi\u00e7\u00e3o. A presidente do PT [Gleisi Hoffmann], segundo ela em nome do presidente Lula, disse que na quinta-feira [3] ser\u00e1 formalizado o nome do vice-presidente Geraldo Alckmin [como coordenador da equipe de transi\u00e7\u00e3o do governo eleito]. Aguardaremos que isso seja formalizado para cumprir a lei no nosso pa\u00eds&#8221;, informou.<\/p>\n<p>Alckmin\u00a0<a href=\"https:\/\/agenciabrasil.ebc.com.br\/politica\/noticia\/2022-11\/alckmin-sera-o-coordenador-da-equipe-de-transicao-do-governo-lula\" target=\"_blank\" rel=\"noopener\">foi anunciado nesta ter\u00e7a-feira<\/a>\u00a0como coordenador da equipe de transi\u00e7\u00e3o. Outros nomes ser\u00e3o definidos nos pr\u00f3ximos dias, envolvendo integrantes de partidos da coliga\u00e7\u00e3o de Lula.<\/p>\n<h2>STF<\/h2>\n<p>Em nota divulgada no final da tarde, o Supremo Tribunal Federal (STF) destacou a import\u00e2ncia do pronunciamento de Bolsonaro.<\/p>\n<p>\u201cO Supremo Tribunal Federal consigna a import\u00e2ncia do pronunciamento do presidente da Rep\u00fablica em garantir o direito de ir e vir em rela\u00e7\u00e3o aos bloqueios e, ao determinar o in\u00edcio da transi\u00e7\u00e3o, reconhecer o resultado final das elei\u00e7\u00f5es\u201d, declarou a Corte.<\/p>\n<p>Ap\u00f3s o pronunciamento no Pal\u00e1cio da Alvorada, Bolsonaro foi ao Supremo e se encontrou com a presidente da Corte, ministra Rosa Weber, e mais seis ministros. O presidente estava acompanhado do ministro da Economia, Paulo Guedes. A reuni\u00e3o ocorreu a portas fechadas e durou cerca de uma hora.<\/p>\n<p>Segundo a assessoria de imprensa do tribunal, a reuni\u00e3o foi uma visita institucional feita por Bolsonaro em que foi destacada \u201ca import\u00e2ncia da paz e harmonia para o bem do Brasil\u201d.<\/p>\n<p>Tamb\u00e9m participaram da reuni\u00e3o os ministros Gilmar Mendes, Luiz Fux, Edson Fachin, Nunes Marques, Andr\u00e9 Mendon\u00e7a e Alexandre de Moraes.<\/p>\n<p><span style=\"font-weight: 400;\">Fonte:\u00a0 Ag\u00eancia Brasil <\/span><\/p>\n","protected":false},"excerpt":{"rendered":"<p>Pela primeira vez, o presidente Jair Bolsonaro se pronunciou sobre os resultados das elei\u00e7\u00f5es, na tarde desta ter\u00e7a-feira (1\u00ba), no Pal\u00e1cio do Alvorada, resid\u00eancia oficial. A manifesta\u00e7\u00e3o ocorreu dois dias depois da vit\u00f3ria de Luiz In\u00e1cio Lula da Silva (PT), eleito pela terceira vez para a Presid\u00eancia da Rep\u00fablica no domingo (30). Bolsonaro apareceu, num [&hellip;]<\/p>\n","protected":false},"author":246,"featured_media":206131,"comment_status":"closed","ping_status":"closed","sticky":false,"template":"","format":"standard","meta":{"footnotes":""},"categories":[436,440,254,439],"tags":[],"class_list":["post-206130","post","type-post","status-publish","format-standard","has-post-thumbnail","hentry","category-destaque-da-semana","category-destaques-do-dia","category-politica","category-ultima-hora"],"_links":{"self":[{"href":"https:\/\/diarioregionaldigital.com.br\/index.php?rest_route=\/wp\/v2\/posts\/206130","targetHints":{"allow":["GET"]}}],"collection":[{"href":"https:\/\/diarioregionaldigital.com.br\/index.php?rest_route=\/wp\/v2\/posts"}],"about":[{"href":"https:\/\/diarioregionaldigital.com.br\/index.php?rest_route=\/wp\/v2\/types\/post"}],"author":[{"embeddable":true,"href":"https:\/\/diarioregionaldigital.com.br\/index.php?rest_route=\/wp\/v2\/users\/246"}],"replies":[{"embeddable":true,"href":"https:\/\/diarioregionaldigital.com.br\/index.php?rest_route=%2Fwp%2Fv2%2Fcomments&post=206130"}],"version-history":[{"count":1,"href":"https:\/\/diarioregionaldigital.com.br\/index.php?rest_route=\/wp\/v2\/posts\/206130\/revisions"}],"predecessor-version":[{"id":206132,"href":"https:\/\/diarioregionaldigital.com.br\/index.php?rest_route=\/wp\/v2\/posts\/206130\/revisions\/206132"}],"wp:featuredmedia":[{"embeddable":true,"href":"https:\/\/diarioregionaldigital.com.br\/index.php?rest_route=\/wp\/v2\/media\/206131"}],"wp:attachment":[{"href":"https:\/\/diarioregionaldigital.com.br\/index.php?rest_route=%2Fwp%2Fv2%2Fmedia&parent=206130"}],"wp:term":[{"taxonomy":"category","embeddable":true,"href":"https:\/\/diarioregionaldigital.com.br\/index.php?rest_route=%2Fwp%2Fv2%2Fcategories&post=206130"},{"taxonomy":"post_tag","embeddable":true,"href":"https:\/\/diarioregionaldigital.com.br\/index.php?rest_route=%2Fwp%2Fv2%2Ftags&post=206130"}],"curies":[{"name":"wp","href":"https:\/\/api.w.org\/{rel}","templated":true}]}}