{"id":206127,"date":"2022-11-01T20:54:59","date_gmt":"2022-11-01T23:54:59","guid":{"rendered":"https:\/\/diarioregionaldigital.com.br\/?p=206127"},"modified":"2022-11-01T20:54:59","modified_gmt":"2022-11-01T23:54:59","slug":"venda-de-carne-moida-tem-novas-regras-em-todo-o-pais","status":"publish","type":"post","link":"https:\/\/diarioregionaldigital.com.br\/?p=206127","title":{"rendered":"Venda de carne mo\u00edda tem novas regras em todo o pa\u00eds"},"content":{"rendered":"<p>Come\u00e7am a valer hoje (1\u00ba) novas normas definindo identidade e qualidade para a venda de carne mo\u00edda. Entre as medidas, que dever\u00e3o ser implementadas pelos estabelecimentos no prazo de um ano, figura a que determina que o produto seja embalado imediatamente ap\u00f3s a moagem em pacotes de at\u00e9 um quilo.<img decoding=\"async\" src=\"https:\/\/agenciabrasil.ebc.com.br\/ebc.png?id=1491689&amp;o=node\" \/><img decoding=\"async\" src=\"https:\/\/agenciabrasil.ebc.com.br\/ebc.gif?id=1491689&amp;o=node\" \/><\/p>\n<p>Al\u00e9m disso, n\u00e3o ser\u00e1 permitida a obten\u00e7\u00e3o de carne mo\u00edda a partir de moagem de carnes oriundas da raspagem de ossos ou obtidas de quaisquer outros processos de separa\u00e7\u00e3o mec\u00e2nica dos ossos.<\/p>\n<p>Segundo o Minist\u00e9rio da Agricultura, Pecu\u00e1ria e Abastecimento (Mapa), a decis\u00e3o vale para estabelecimentos e ind\u00fastrias que produzem carne mo\u00edda, e n\u00e3o se aplica a supermercados e a\u00e7ougues que vendem direto ao consumidor.<\/p>\n<p>As mudan\u00e7as t\u00eam, entre seus objetivos, o de modernizar processos produtivos e procedimentos industriais. O novo regulamento visa garantir a seguran\u00e7a dos produtos, al\u00e9m de dar mais transpar\u00eancia aos consumidores.<\/p>\n<p>\u201c\u00c9 ingrediente obrigat\u00f3rio na fabrica\u00e7\u00e3o de carne mo\u00edda a carne obtida das massas musculares esquel\u00e9ticas. J\u00e1 a porcentagem m\u00e1xima de gordura do produto dever\u00e1 ser informada no painel principal, pr\u00f3ximo \u00e0 denomina\u00e7\u00e3o de venda\u201d, explicou o minist\u00e9rio.<\/p>\n<h2>Resfriamento<\/h2>\n<p>A mesma portaria estabelece que a mat\u00e9ria-prima para fabrica\u00e7\u00e3o do produto deve ser \u201cexclusivamente carne\u201d, submetida a processamento pr\u00e9vio de resfriamento ou congelamento. S\u00e3o proibidas a utiliza\u00e7\u00e3o de carne industrial para a fabrica\u00e7\u00e3o de carne mo\u00edda e a obten\u00e7\u00e3o de carne mo\u00edda a partir de moagem de mi\u00fados.<\/p>\n<p>A carne mo\u00edda resfriada dever\u00e1 ser mantida entre 0\u00baC e 4\u00baC. J\u00e1 a temperatura m\u00e1xima da carne mo\u00edda congelada \u00e9 de -12\u00baC.<\/p>\n<p>Al\u00e9m disso, o produto n\u00e3o poder\u00e1 sair do equipamento de moagem com temperatura acima de 7\u00baC, devendo, na sequ\u00eancia, ser imediatamente submetido a resfriamento ou congelamento r\u00e1pido.<\/p>\n<p><span style=\"font-weight: 400;\">Fonte:\u00a0 Ag\u00eancia Brasil <\/span><\/p>\n","protected":false},"excerpt":{"rendered":"<p>Come\u00e7am a valer hoje (1\u00ba) novas normas definindo identidade e qualidade para a venda de carne mo\u00edda. Entre as medidas, que dever\u00e3o ser implementadas pelos estabelecimentos no prazo de um ano, figura a que determina que o produto seja embalado imediatamente ap\u00f3s a moagem em pacotes de at\u00e9 um quilo. Al\u00e9m disso, n\u00e3o ser\u00e1 permitida [&hellip;]<\/p>\n","protected":false},"author":246,"featured_media":206128,"comment_status":"closed","ping_status":"closed","sticky":false,"template":"","format":"standard","meta":{"footnotes":""},"categories":[436,261,439],"tags":[],"class_list":["post-206127","post","type-post","status-publish","format-standard","has-post-thumbnail","hentry","category-destaque-da-semana","category-economia","category-ultima-hora"],"_links":{"self":[{"href":"https:\/\/diarioregionaldigital.com.br\/index.php?rest_route=\/wp\/v2\/posts\/206127","targetHints":{"allow":["GET"]}}],"collection":[{"href":"https:\/\/diarioregionaldigital.com.br\/index.php?rest_route=\/wp\/v2\/posts"}],"about":[{"href":"https:\/\/diarioregionaldigital.com.br\/index.php?rest_route=\/wp\/v2\/types\/post"}],"author":[{"embeddable":true,"href":"https:\/\/diarioregionaldigital.com.br\/index.php?rest_route=\/wp\/v2\/users\/246"}],"replies":[{"embeddable":true,"href":"https:\/\/diarioregionaldigital.com.br\/index.php?rest_route=%2Fwp%2Fv2%2Fcomments&post=206127"}],"version-history":[{"count":1,"href":"https:\/\/diarioregionaldigital.com.br\/index.php?rest_route=\/wp\/v2\/posts\/206127\/revisions"}],"predecessor-version":[{"id":206129,"href":"https:\/\/diarioregionaldigital.com.br\/index.php?rest_route=\/wp\/v2\/posts\/206127\/revisions\/206129"}],"wp:featuredmedia":[{"embeddable":true,"href":"https:\/\/diarioregionaldigital.com.br\/index.php?rest_route=\/wp\/v2\/media\/206128"}],"wp:attachment":[{"href":"https:\/\/diarioregionaldigital.com.br\/index.php?rest_route=%2Fwp%2Fv2%2Fmedia&parent=206127"}],"wp:term":[{"taxonomy":"category","embeddable":true,"href":"https:\/\/diarioregionaldigital.com.br\/index.php?rest_route=%2Fwp%2Fv2%2Fcategories&post=206127"},{"taxonomy":"post_tag","embeddable":true,"href":"https:\/\/diarioregionaldigital.com.br\/index.php?rest_route=%2Fwp%2Fv2%2Ftags&post=206127"}],"curies":[{"name":"wp","href":"https:\/\/api.w.org\/{rel}","templated":true}]}}