{"id":206121,"date":"2022-11-01T20:52:07","date_gmt":"2022-11-01T23:52:07","guid":{"rendered":"https:\/\/diarioregionaldigital.com.br\/?p=206121"},"modified":"2022-11-01T20:52:07","modified_gmt":"2022-11-01T23:52:07","slug":"bloqueio-em-estradas-reduz-em-17-movimento-na-ceagesp","status":"publish","type":"post","link":"https:\/\/diarioregionaldigital.com.br\/?p=206121","title":{"rendered":"Bloqueio em estradas reduz em 17% movimento na Ceagesp"},"content":{"rendered":"<p>A Companhia de Entrepostos e Armaz\u00e9ns Gerais de S\u00e3o Paulo (Ceagesp) registrou queda de 17% nos ve\u00edculos que chegaram hoje (1\u00ba) ao terminal da capital paulista, na Vila Leopoldina.<img decoding=\"async\" src=\"https:\/\/agenciabrasil.ebc.com.br\/ebc.png?id=1491769&amp;o=node\" \/><img decoding=\"async\" src=\"https:\/\/agenciabrasil.ebc.com.br\/ebc.gif?id=1491769&amp;o=node\" \/><\/p>\n<p>Segundo a empresa, entre a meia-noite e 10h entraram no entreposto 4,4 mil ve\u00edculos, enquanto na ter\u00e7a-feira da semana passada, no mesmo espa\u00e7o de tempo, foram recebidos 5,2 mil ve\u00edculos.<\/p>\n<p>A Ceagesp atribui a queda do movimento, em parte, aos bloqueios nas estradas. Desde a noite de domingo (30), caminhoneiros t\u00eam interrompido o tr\u00e1fego em rodovias do pa\u00eds em protesto contra o resultado das elei\u00e7\u00f5es para a Presid\u00eancia da Rep\u00fablica.<\/p>\n<h2>Medidas<\/h2>\n<p>O Supremo Tribunal Federal (STF) determinou, na noite de ontem (31), que a Pol\u00edcia Rodovi\u00e1ria Federal (PRF) e as pol\u00edcias militares \u201ctomem todas as medidas necess\u00e1rias e suficientes\u201d para a \u201cimediata desobstru\u00e7\u00e3o de todas as vias p\u00fablicas que, ilicitamente, estejam com seu tr\u00e2nsito interrompido\u201d.<\/p>\n<p>A decis\u00e3o atendeu a pedido da Confedera\u00e7\u00e3o Nacional do Transporte (CNT), que alegou, inclusive, risco de desabastecimento em algumas cadeias industriais.<\/p>\n<p>Apesar da redu\u00e7\u00e3o no movimento, o Ceagesp descartou a possibilidade de falta de mercadorias e alimentos. No entanto, a feira de flores de hoje, que deveria ter um grande movimento por conta da proximidade do feriado do Dia de Finados, foi afetada pelos bloqueios.<\/p>\n<p>Para normalizar a situa\u00e7\u00e3o no entreposto, foi liberada a entrada de caminh\u00f5es para carga e descarga no terminal 24 horas por dia. Normalmente, o hor\u00e1rio limite \u00e9 at\u00e9 as 18h.<\/p>\n<p><span style=\"font-weight: 400;\">\u00a0<\/span><span style=\"font-weight: 400;\"><br \/>\n<\/span><span style=\"font-weight: 400;\">Fonte:\u00a0 Ag\u00eancia Brasil <\/span><\/p>\n","protected":false},"excerpt":{"rendered":"<p>A Companhia de Entrepostos e Armaz\u00e9ns Gerais de S\u00e3o Paulo (Ceagesp) registrou queda de 17% nos ve\u00edculos que chegaram hoje (1\u00ba) ao terminal da capital paulista, na Vila Leopoldina. Segundo a empresa, entre a meia-noite e 10h entraram no entreposto 4,4 mil ve\u00edculos, enquanto na ter\u00e7a-feira da semana passada, no mesmo espa\u00e7o de tempo, foram [&hellip;]<\/p>\n","protected":false},"author":246,"featured_media":206122,"comment_status":"closed","ping_status":"closed","sticky":false,"template":"","format":"standard","meta":{"footnotes":""},"categories":[436,261,439],"tags":[],"class_list":["post-206121","post","type-post","status-publish","format-standard","has-post-thumbnail","hentry","category-destaque-da-semana","category-economia","category-ultima-hora"],"_links":{"self":[{"href":"https:\/\/diarioregionaldigital.com.br\/index.php?rest_route=\/wp\/v2\/posts\/206121","targetHints":{"allow":["GET"]}}],"collection":[{"href":"https:\/\/diarioregionaldigital.com.br\/index.php?rest_route=\/wp\/v2\/posts"}],"about":[{"href":"https:\/\/diarioregionaldigital.com.br\/index.php?rest_route=\/wp\/v2\/types\/post"}],"author":[{"embeddable":true,"href":"https:\/\/diarioregionaldigital.com.br\/index.php?rest_route=\/wp\/v2\/users\/246"}],"replies":[{"embeddable":true,"href":"https:\/\/diarioregionaldigital.com.br\/index.php?rest_route=%2Fwp%2Fv2%2Fcomments&post=206121"}],"version-history":[{"count":1,"href":"https:\/\/diarioregionaldigital.com.br\/index.php?rest_route=\/wp\/v2\/posts\/206121\/revisions"}],"predecessor-version":[{"id":206123,"href":"https:\/\/diarioregionaldigital.com.br\/index.php?rest_route=\/wp\/v2\/posts\/206121\/revisions\/206123"}],"wp:featuredmedia":[{"embeddable":true,"href":"https:\/\/diarioregionaldigital.com.br\/index.php?rest_route=\/wp\/v2\/media\/206122"}],"wp:attachment":[{"href":"https:\/\/diarioregionaldigital.com.br\/index.php?rest_route=%2Fwp%2Fv2%2Fmedia&parent=206121"}],"wp:term":[{"taxonomy":"category","embeddable":true,"href":"https:\/\/diarioregionaldigital.com.br\/index.php?rest_route=%2Fwp%2Fv2%2Fcategories&post=206121"},{"taxonomy":"post_tag","embeddable":true,"href":"https:\/\/diarioregionaldigital.com.br\/index.php?rest_route=%2Fwp%2Fv2%2Ftags&post=206121"}],"curies":[{"name":"wp","href":"https:\/\/api.w.org\/{rel}","templated":true}]}}