{"id":206118,"date":"2022-11-01T20:48:52","date_gmt":"2022-11-01T23:48:52","guid":{"rendered":"https:\/\/diarioregionaldigital.com.br\/?p=206118"},"modified":"2022-11-01T20:48:52","modified_gmt":"2022-11-01T23:48:52","slug":"producao-industrial-cai-07-em-setembro-diz-ibge","status":"publish","type":"post","link":"https:\/\/diarioregionaldigital.com.br\/?p=206118","title":{"rendered":"Produ\u00e7\u00e3o industrial cai 0,7% em setembro, diz IBGE"},"content":{"rendered":"<p>A produ\u00e7\u00e3o industrial caiu pelo segundo m\u00eas consecutivo, e em setembro registrou queda de 0,7%. Na compara\u00e7\u00e3o com o mesmo m\u00eas do ano passado, houve alta de 0,4%, mas no acumulado do ano o recuo \u00e9 de 1,1% e nos 12 meses de 2,3%. Os dados s\u00e3o da Pesquisa Industrial Mensal (PIM) divulgada hoje (1) pelo Instituto Brasileiro de Geografia e Estat\u00edstica (IBGE).<img decoding=\"async\" src=\"https:\/\/agenciabrasil.ebc.com.br\/ebc.png?id=1491678&amp;o=node\" \/><img decoding=\"async\" src=\"https:\/\/agenciabrasil.ebc.com.br\/ebc.gif?id=1491678&amp;o=node\" \/><\/p>\n<p>A pesquisa mostrou que 21 dos 26 ramos industriais pesquisados apresentaram queda. Segundo o IBGE, com esses n\u00fameros, o setor est\u00e1 2,4% abaixo do patamar pr\u00e9-pandemia em fevereiro de 2020 e 18,7% abaixo do n\u00edvel recorde alcan\u00e7ado em maio de 2011.<\/p>\n<p>Para o gerente da pesquisa, Andr\u00e9 Macedo, \u00e9 poss\u00edvel dizer que h\u00e1 uma redu\u00e7\u00e3o no ritmo da produ\u00e7\u00e3o industrial. \u201cIsso fica bem evidenciado n\u00e3o apenas nesses 2 meses de queda em sequ\u00eancia, mas tamb\u00e9m na maior frequ\u00eancia de taxas negativas nos \u00faltimos 4 meses, com tr\u00eas varia\u00e7\u00f5es negativas. Com esses \u00faltimos resultados e um perfil bem disseminado de recuo na produ\u00e7\u00e3o em setembro de 2022, entendemos que houve perda no ritmo da produ\u00e7\u00e3o nos \u00faltimos meses\u201d, explicou.<\/p>\n<p>Entre as atividades, a maior influ\u00eancia negativa ocorreu na ind\u00fastria de produtos aliment\u00edcios (2,9%), seguida por metalurgia (7,6%) e coque, produtos derivados de petr\u00f3leo e biocombust\u00edveis (2,6%). Houve recuos tamb\u00e9m em bebidas (4,6%) e produtos de madeira (8,8%).<\/p>\n<p>O pesquisador acrescentou que os produtos aliment\u00edcios tiveram 2 meses consecutivos com queda na produ\u00e7\u00e3o, somando recuo de 6,1%. Macedo ponderou que nos 3 meses anteriores aos dois recuos, a atividade registrou avan\u00e7o de 6,7% de forma acumulada. \u201cProdutos derivados de soja, a\u00e7\u00facar e carnes de aves s\u00e3o itens importantes no entendimento dessa queda no setor aliment\u00edcio em setembro\u201d, informou.<\/p>\n<h2>Metalurgia<\/h2>\n<p>O setor de metalurgia teve em setembro a queda mais intensa desde janeiro de 2021, quando recuou 9,9%. No entanto, o pesquisador ressaltou que \u00e9 importante lembrar que o segmento vem de 2 meses com resultados positivos, acumulando 2,4% nesse per\u00edodo. \u201cO setor de coque, produtos derivados do petr\u00f3leo e biocombust\u00edveis acumula redu\u00e7\u00e3o de 6,9% em 2 meses seguidos de perda e foi pressionado, nesse m\u00eas, pelos derivados do petr\u00f3leo e \u00e1lcool\u201d, disse.<\/p>\n<p>Entre as cinco atividades que apresentaram alta de agosto para setembro, a de ind\u00fastrias extrativas (1,8%) e a de m\u00e1quinas e equipamentos (2,2%) representaram os principais impactos em setembro, sendo que a primeira eliminou parte do recuo de 3,1% registrado em agosto e a outra registrando o segundo m\u00eas seguido de expans\u00e3o na produ\u00e7\u00e3o, acumulando 15,3% de ganho nesse per\u00edodo.<\/p>\n<p>O perfil disseminado de queda na produ\u00e7\u00e3o, com avan\u00e7o do ritmo produtivo em apenas cinco, segundo o analista n\u00e3o era observado desde janeiro deste ano. Naquele momento, somente quatro segmentos industriais cresceram. Entre as atividades com resultados positivos, o setor extrativo (1,8%) representou o de maior impacto favor\u00e1vel. O destaque foi para os avan\u00e7os na extra\u00e7\u00e3o dos \u00f3leos brutos de petr\u00f3leo, g\u00e1s natural e os min\u00e9rios de ferro. \u201cEntre as grandes categorias econ\u00f4micas, todas mostraram recuo na produ\u00e7\u00e3o em setembro\u201d, disse.<\/p>\n<p>A alta de 0,4% do setor industrial na compara\u00e7\u00e3o com setembro do ano passado foi influenciada pelos resultados positivos em duas das quatro grandes categorias econ\u00f4micas e em 12 dos 26 ramos pesquisados. O principal impacto positivo foi do segmento de ve\u00edculos automotores, reboques e carrocerias, com eleva\u00e7\u00e3o de 20,3%.<\/p>\n<p>\u201cO segmento de ve\u00edculos automotores, reboques e carrocerias \u00e9 o que mais pressiona positivamente e mant\u00e9m o total do setor industrial no campo de crescimento. Vale destacar a influ\u00eancia da base de compara\u00e7\u00e3o, uma vez que essa atividade recuou 8,8% em setembro do ano passado. Isso ajuda a explicar a magnitude de expans\u00e3o observada nesse m\u00eas\u201d, explicou, citando autom\u00f3veis, autope\u00e7as e caminh\u00f5es como os produtos que impactaram positivamente os itens de maior destaque no segmento.<\/p>\n<p>Macedo disse ainda que \u00e9 preciso tamb\u00e9m considerar a base de compara\u00e7\u00e3o para entender o crescimento de 0,4% do total da ind\u00fastria, na medida em que em setembro do ano passado o setor industrial recuou 4,1%.<\/p>\n<h2>Pesquisa<\/h2>\n<p>De acordo com o IBGE, desde a d\u00e9cada de 1970 a PIM Brasil produz indicadores de curto prazo, relativos ao comportamento do produto real das ind\u00fastrias extrativa e de transforma\u00e7\u00e3o, mas a partir de maio de 2014 come\u00e7ou a divulga\u00e7\u00e3o da nova s\u00e9rie de \u00edndices mensais da produ\u00e7\u00e3o industrial, ap\u00f3s uma reformula\u00e7\u00e3o para atualizar a amostra de atividades, produtos e informantes, al\u00e9m de elaborar uma nova estrutura de pondera\u00e7\u00e3o dos \u00edndices com base em estat\u00edsticas industriais mais recentes.<\/p>\n<p><span style=\"font-weight: 400;\">Fonte:\u00a0 Ag\u00eancia Brasil <\/span><\/p>\n","protected":false},"excerpt":{"rendered":"<p>A produ\u00e7\u00e3o industrial caiu pelo segundo m\u00eas consecutivo, e em setembro registrou queda de 0,7%. Na compara\u00e7\u00e3o com o mesmo m\u00eas do ano passado, houve alta de 0,4%, mas no acumulado do ano o recuo \u00e9 de 1,1% e nos 12 meses de 2,3%. Os dados s\u00e3o da Pesquisa Industrial Mensal (PIM) divulgada hoje (1) [&hellip;]<\/p>\n","protected":false},"author":246,"featured_media":206119,"comment_status":"closed","ping_status":"closed","sticky":false,"template":"","format":"standard","meta":{"footnotes":""},"categories":[436,440,261,439],"tags":[],"class_list":["post-206118","post","type-post","status-publish","format-standard","has-post-thumbnail","hentry","category-destaque-da-semana","category-destaques-do-dia","category-economia","category-ultima-hora"],"_links":{"self":[{"href":"https:\/\/diarioregionaldigital.com.br\/index.php?rest_route=\/wp\/v2\/posts\/206118","targetHints":{"allow":["GET"]}}],"collection":[{"href":"https:\/\/diarioregionaldigital.com.br\/index.php?rest_route=\/wp\/v2\/posts"}],"about":[{"href":"https:\/\/diarioregionaldigital.com.br\/index.php?rest_route=\/wp\/v2\/types\/post"}],"author":[{"embeddable":true,"href":"https:\/\/diarioregionaldigital.com.br\/index.php?rest_route=\/wp\/v2\/users\/246"}],"replies":[{"embeddable":true,"href":"https:\/\/diarioregionaldigital.com.br\/index.php?rest_route=%2Fwp%2Fv2%2Fcomments&post=206118"}],"version-history":[{"count":1,"href":"https:\/\/diarioregionaldigital.com.br\/index.php?rest_route=\/wp\/v2\/posts\/206118\/revisions"}],"predecessor-version":[{"id":206120,"href":"https:\/\/diarioregionaldigital.com.br\/index.php?rest_route=\/wp\/v2\/posts\/206118\/revisions\/206120"}],"wp:featuredmedia":[{"embeddable":true,"href":"https:\/\/diarioregionaldigital.com.br\/index.php?rest_route=\/wp\/v2\/media\/206119"}],"wp:attachment":[{"href":"https:\/\/diarioregionaldigital.com.br\/index.php?rest_route=%2Fwp%2Fv2%2Fmedia&parent=206118"}],"wp:term":[{"taxonomy":"category","embeddable":true,"href":"https:\/\/diarioregionaldigital.com.br\/index.php?rest_route=%2Fwp%2Fv2%2Fcategories&post=206118"},{"taxonomy":"post_tag","embeddable":true,"href":"https:\/\/diarioregionaldigital.com.br\/index.php?rest_route=%2Fwp%2Fv2%2Ftags&post=206118"}],"curies":[{"name":"wp","href":"https:\/\/api.w.org\/{rel}","templated":true}]}}