{"id":206110,"date":"2022-11-01T00:04:58","date_gmt":"2022-11-01T03:04:58","guid":{"rendered":"https:\/\/diarioregionaldigital.com.br\/?p=206110"},"modified":"2022-11-01T00:04:58","modified_gmt":"2022-11-01T03:04:58","slug":"rua-manoel-ribeiro-recebe-servicos-de-remodelacao-das-suas-redes-de-agua-e-esgoto","status":"publish","type":"post","link":"https:\/\/diarioregionaldigital.com.br\/?p=206110","title":{"rendered":"Rua Manoel Ribeiro recebe servi\u00e7os de remodela\u00e7\u00e3o das suas redes de \u00e1gua e esgoto"},"content":{"rendered":"<p>Segundo informa\u00e7\u00f5es do site da Prefeitura de Juiz de Fora (PJF), nesta segunda-feira, 31, a<strong>\u00a0<\/strong>Prefeitura de Juiz de Fora (PJF) segue com os servi\u00e7os de remodela\u00e7\u00e3o de cerca de 500 metros da rede de \u00e1gua da Rua Manoel Ribeiro, no bairro Graminha. At\u00e9 o final desta semana, os novos tubos de PVC, com 60 mil\u00edmetros de di\u00e2metro, ir\u00e3o aumentar a vida \u00fatil do sistema e reduzir a necessidade de manuten\u00e7\u00f5es. Al\u00e9m disso, a<strong>\u00a0<\/strong>Companhia de Saneamento Municipal (Cesama) tamb\u00e9m concluiu a troca de 60 metros da rede de esgoto da rua, em virtude de um vazamento que ocorria no trecho.<br \/>\nPara a execu\u00e7\u00e3o dos trabalhos, o tr\u00e2nsito na rua est\u00e1 parcialmente interditado, com opera\u00e7\u00e3o de \u201cpare e siga\u2019\u2019, de segunda a sexta-feira, das 8h \u00e0s 17h. Dessa forma, a Cesama pede aos moradores que, se poss\u00edvel, retirem seus ve\u00edculos da via antes do in\u00edcio dos servi\u00e7os.<br \/>\nAs a\u00e7\u00f5es de remodela\u00e7\u00e3o de redes de \u00e1gua s\u00e3o realizadas ao longo do ano, seguindo uma programa\u00e7\u00e3o de prioridades, quando \u00e9 avaliada a necessidade de troca da tubula\u00e7\u00e3o. A an\u00e1lise leva em conta a antiguidade e o desgaste do material, o fato de o dimensionamento da rede j\u00e1 n\u00e3o ser compat\u00edvel com o n\u00famero de im\u00f3veis atendidos e os transtornos causados aos usu\u00e1rios do sistema, al\u00e9m dos custos de manuten\u00e7\u00e3o.<\/p>\n","protected":false},"excerpt":{"rendered":"<p>Segundo informa\u00e7\u00f5es do site da Prefeitura de Juiz de Fora (PJF), nesta segunda-feira, 31, a\u00a0Prefeitura de Juiz de Fora (PJF) segue com os servi\u00e7os de remodela\u00e7\u00e3o de cerca de 500 metros da rede de \u00e1gua da Rua Manoel Ribeiro, no bairro Graminha. At\u00e9 o final desta semana, os novos tubos de PVC, com 60 mil\u00edmetros [&hellip;]<\/p>\n","protected":false},"author":246,"featured_media":206112,"comment_status":"closed","ping_status":"closed","sticky":false,"template":"","format":"standard","meta":{"footnotes":""},"categories":[253,436,439],"tags":[],"class_list":["post-206110","post","type-post","status-publish","format-standard","has-post-thumbnail","hentry","category-cidade","category-destaque-da-semana","category-ultima-hora"],"_links":{"self":[{"href":"https:\/\/diarioregionaldigital.com.br\/index.php?rest_route=\/wp\/v2\/posts\/206110","targetHints":{"allow":["GET"]}}],"collection":[{"href":"https:\/\/diarioregionaldigital.com.br\/index.php?rest_route=\/wp\/v2\/posts"}],"about":[{"href":"https:\/\/diarioregionaldigital.com.br\/index.php?rest_route=\/wp\/v2\/types\/post"}],"author":[{"embeddable":true,"href":"https:\/\/diarioregionaldigital.com.br\/index.php?rest_route=\/wp\/v2\/users\/246"}],"replies":[{"embeddable":true,"href":"https:\/\/diarioregionaldigital.com.br\/index.php?rest_route=%2Fwp%2Fv2%2Fcomments&post=206110"}],"version-history":[{"count":1,"href":"https:\/\/diarioregionaldigital.com.br\/index.php?rest_route=\/wp\/v2\/posts\/206110\/revisions"}],"predecessor-version":[{"id":206113,"href":"https:\/\/diarioregionaldigital.com.br\/index.php?rest_route=\/wp\/v2\/posts\/206110\/revisions\/206113"}],"wp:featuredmedia":[{"embeddable":true,"href":"https:\/\/diarioregionaldigital.com.br\/index.php?rest_route=\/wp\/v2\/media\/206112"}],"wp:attachment":[{"href":"https:\/\/diarioregionaldigital.com.br\/index.php?rest_route=%2Fwp%2Fv2%2Fmedia&parent=206110"}],"wp:term":[{"taxonomy":"category","embeddable":true,"href":"https:\/\/diarioregionaldigital.com.br\/index.php?rest_route=%2Fwp%2Fv2%2Fcategories&post=206110"},{"taxonomy":"post_tag","embeddable":true,"href":"https:\/\/diarioregionaldigital.com.br\/index.php?rest_route=%2Fwp%2Fv2%2Ftags&post=206110"}],"curies":[{"name":"wp","href":"https:\/\/api.w.org\/{rel}","templated":true}]}}