{"id":206107,"date":"2022-11-01T00:01:52","date_gmt":"2022-11-01T03:01:52","guid":{"rendered":"https:\/\/diarioregionaldigital.com.br\/?p=206107"},"modified":"2022-11-01T00:01:52","modified_gmt":"2022-11-01T03:01:52","slug":"procedimentos-necessarios-para-captacao-de-recurso-e-tema-de-reuniao-do-plano-de-contingencia-para-o-periodo-chuvoso","status":"publish","type":"post","link":"https:\/\/diarioregionaldigital.com.br\/?p=206107","title":{"rendered":"Procedimentos necess\u00e1rios para capta\u00e7\u00e3o de recurso \u00e9 tema de reuni\u00e3o do Plano de Conting\u00eancia para o per\u00edodo chuvoso"},"content":{"rendered":"<p>Segundo informa\u00e7\u00f5es do site da Prefeitura de Juiz de Fora (PJF), na \u00faltima semana, a Defesa Civil da Prefeitura de Juiz de Fora (PJF) orientou os \u00f3rg\u00e3os envolvidos no Plano de Conting\u00eancia sobre a import\u00e2ncia do preenchimento do Sistema Integrado de Informa\u00e7\u00f5es (S2ID). Registrar, na plataforma, as a\u00e7\u00f5es realizadas pelo munic\u00edpio ap\u00f3s situa\u00e7\u00f5es de desastre \u00e9 o primeiro passo no processo de capta\u00e7\u00e3o de recursos para restabelecer e reconstruir as \u00e1reas afetadas.<\/p>\n<p>Durante a 4\u00aa reuni\u00e3o do \u201cPlano de Conting\u00eancia de Riscos para o per\u00edodo chuvoso 2022\/2023\u201d, servidores da Defesa Civil ministraram palestra sobre como manter o S2ID atualizado com informa\u00e7\u00f5es de todas as ocorr\u00eancias atendidas no munic\u00edpio.\u00a0 Como explica o supervisor de \u00e1reas atingidas da Defesa Civil, Diego de Souza Costa, \u00e9 um banco de dados que facilita a consulta dos processos de gest\u00e3o de risco. \u201cO sistema facilita a consulta se decretos de Situa\u00e7\u00e3o de Emerg\u00eancia ou Estado de Calamidade P\u00fablica foram reconhecidos pela Defesa Civil Nacional, al\u00e9m de permitir o acesso aos processos de transfer\u00eancia de recursos para as a\u00e7\u00f5es de restabelecimento e de reconstru\u00e7\u00e3o\u201d, afirma.<\/p>\n<p>Com as informa\u00e7\u00f5es preenchidas de forma completa por todos os setores envolvidos nas a\u00e7\u00f5es de resposta ao desastre, \u00e9 poss\u00edvel definir os recursos necess\u00e1rios para restabelecer a normalidade o mais breve poss\u00edvel. Caso o munic\u00edpio tenha Situa\u00e7\u00e3o de Emerg\u00eancia ou Estado de Calamidade P\u00fablica reconhecida pelo Estado, \u00e9 poss\u00edvel solicitar verba. Para o reconhecimento, \u00e9 necess\u00e1rio informar o desastre ocorrido \u00e0 Defesa Civil Nacional, detalhando por meio de fotos; de relat\u00f3rios sobre danos humanos (relat\u00f3rios sociais), materiais e ambientais; de relat\u00f3rios sobre preju\u00edzos p\u00fablicos e privados; da Declara\u00e7\u00e3o Municipal de Atua\u00e7\u00e3o Emergencial (Dmate); e do Formul\u00e1rio de Informa\u00e7\u00f5es do Desastre (Fide).<\/p>\n<p>Ap\u00f3s a situa\u00e7\u00e3o de emerg\u00eancia ser reconhecida, \u00e9 preciso enviar um plano de trabalho de reconstru\u00e7\u00e3o para ser avaliado pelo Governo Federal, no qual \u00e9 exigido relat\u00f3rio t\u00e9cnico, memorial descritivo, croqui do projeto e estimativa de custos. Em 2022, pela primeira vez a Prefeitura de Juiz de Fora (PJF) conseguiu captar recursos: foram quase R$ 8 milh\u00f5es para serem investidos na reconstru\u00e7\u00e3o de \u00e1reas afetadas no \u00faltimo per\u00edodo chuvoso, que foi o mais intenso dos \u00faltimos 38 anos. Al\u00e9m disso, foram captados cerca de R$ 225 mil em recursos para a\u00e7\u00f5es de restabelecimento da normalidade, como a limpeza das vias p\u00fablicas afetadas no munic\u00edpio.<\/p>\n<p>Participaram da reuni\u00e3o representantes de v\u00e1rias pastas da PJF: Secretaria de Governo (SG); Secretaria de Transforma\u00e7\u00e3o Digital e Administrativa (STDA); Secretaria de Assist\u00eancia Social (SAS); Secretaria de Obras (SO); Cesama; Departamento Municipal de Limpeza Urbana (Demlurb); Guarda Municipal da Secretaria de Seguran\u00e7a Urbana e Cidadania (Sesuc); Secretaria Especial de Direitos Humanos (SEDH); Secretaria de Sustentabilidade em Meio Ambiente e Atividades Urbanas (Sesmaur); al\u00e9m de representantes do Corpo de Bombeiros Militar de Minas Gerais (CBMMG).<\/p>\n","protected":false},"excerpt":{"rendered":"<p>Segundo informa\u00e7\u00f5es do site da Prefeitura de Juiz de Fora (PJF), na \u00faltima semana, a Defesa Civil da Prefeitura de Juiz de Fora (PJF) orientou os \u00f3rg\u00e3os envolvidos no Plano de Conting\u00eancia sobre a import\u00e2ncia do preenchimento do Sistema Integrado de Informa\u00e7\u00f5es (S2ID). Registrar, na plataforma, as a\u00e7\u00f5es realizadas pelo munic\u00edpio ap\u00f3s situa\u00e7\u00f5es de desastre [&hellip;]<\/p>\n","protected":false},"author":246,"featured_media":206108,"comment_status":"closed","ping_status":"closed","sticky":false,"template":"","format":"standard","meta":{"footnotes":""},"categories":[253,436,439],"tags":[],"class_list":["post-206107","post","type-post","status-publish","format-standard","has-post-thumbnail","hentry","category-cidade","category-destaque-da-semana","category-ultima-hora"],"_links":{"self":[{"href":"https:\/\/diarioregionaldigital.com.br\/index.php?rest_route=\/wp\/v2\/posts\/206107","targetHints":{"allow":["GET"]}}],"collection":[{"href":"https:\/\/diarioregionaldigital.com.br\/index.php?rest_route=\/wp\/v2\/posts"}],"about":[{"href":"https:\/\/diarioregionaldigital.com.br\/index.php?rest_route=\/wp\/v2\/types\/post"}],"author":[{"embeddable":true,"href":"https:\/\/diarioregionaldigital.com.br\/index.php?rest_route=\/wp\/v2\/users\/246"}],"replies":[{"embeddable":true,"href":"https:\/\/diarioregionaldigital.com.br\/index.php?rest_route=%2Fwp%2Fv2%2Fcomments&post=206107"}],"version-history":[{"count":1,"href":"https:\/\/diarioregionaldigital.com.br\/index.php?rest_route=\/wp\/v2\/posts\/206107\/revisions"}],"predecessor-version":[{"id":206109,"href":"https:\/\/diarioregionaldigital.com.br\/index.php?rest_route=\/wp\/v2\/posts\/206107\/revisions\/206109"}],"wp:featuredmedia":[{"embeddable":true,"href":"https:\/\/diarioregionaldigital.com.br\/index.php?rest_route=\/wp\/v2\/media\/206108"}],"wp:attachment":[{"href":"https:\/\/diarioregionaldigital.com.br\/index.php?rest_route=%2Fwp%2Fv2%2Fmedia&parent=206107"}],"wp:term":[{"taxonomy":"category","embeddable":true,"href":"https:\/\/diarioregionaldigital.com.br\/index.php?rest_route=%2Fwp%2Fv2%2Fcategories&post=206107"},{"taxonomy":"post_tag","embeddable":true,"href":"https:\/\/diarioregionaldigital.com.br\/index.php?rest_route=%2Fwp%2Fv2%2Ftags&post=206107"}],"curies":[{"name":"wp","href":"https:\/\/api.w.org\/{rel}","templated":true}]}}