{"id":206104,"date":"2022-10-31T23:57:47","date_gmt":"2022-11-01T02:57:47","guid":{"rendered":"https:\/\/diarioregionaldigital.com.br\/?p=206104"},"modified":"2022-10-31T23:57:47","modified_gmt":"2022-11-01T02:57:47","slug":"finados-rua-alencar-tristao-em-santa-terezinha-tera-circulacao-em-mao-unica","status":"publish","type":"post","link":"https:\/\/diarioregionaldigital.com.br\/?p=206104","title":{"rendered":"Finados &#8211; Rua Alencar Trist\u00e3o em Santa Terezinha ter\u00e1 circula\u00e7\u00e3o em m\u00e3o \u00fanica"},"content":{"rendered":"<p>Segundo informa\u00e7\u00f5es do site da Prefeitura de Juiz de Fora (PJF), para facilitar a circula\u00e7\u00e3o vi\u00e1ria no entorno do Cemit\u00e9rio Parque da Saudade, a Rua Alencar Trist\u00e3o, no bairro Santa Terezinha, funcionar\u00e1 em m\u00e3o \u00fanica entre a Avenida Rui Barbosa e a Pra\u00e7a Santos Marc\u00e3o, na divisa com o bairro Nossa Senhora das Gra\u00e7as, nesta quarta-feira, 2. J\u00e1 no entorno do Cemit\u00e9rio Municipal e dos outros do Munic\u00edpio, n\u00e3o haver\u00e1 altera\u00e7\u00f5es no tr\u00e2nsito. No entorno da Pra\u00e7a da Rep\u00fablica, no bairro Po\u00e7o Rico, haver\u00e1 estreitamento de pista para possibilitar o estacionamento em 45 graus em alguns pontos.<\/p>\n<p>Os agentes de transporte e tr\u00e2nsito da Secretaria de Mobilidade Urbana (SMU) estar\u00e3o presentes no Parque da Saudade e no Cemit\u00e9rio Municipal para orientar motoristas e fiscalizar irregularidades que prejudiquem a fluidez nestes pontos.<\/p>\n","protected":false},"excerpt":{"rendered":"<p>Segundo informa\u00e7\u00f5es do site da Prefeitura de Juiz de Fora (PJF), para facilitar a circula\u00e7\u00e3o vi\u00e1ria no entorno do Cemit\u00e9rio Parque da Saudade, a Rua Alencar Trist\u00e3o, no bairro Santa Terezinha, funcionar\u00e1 em m\u00e3o \u00fanica entre a Avenida Rui Barbosa e a Pra\u00e7a Santos Marc\u00e3o, na divisa com o bairro Nossa Senhora das Gra\u00e7as, nesta [&hellip;]<\/p>\n","protected":false},"author":246,"featured_media":206105,"comment_status":"closed","ping_status":"closed","sticky":false,"template":"","format":"standard","meta":{"footnotes":""},"categories":[253,436,439],"tags":[],"class_list":["post-206104","post","type-post","status-publish","format-standard","has-post-thumbnail","hentry","category-cidade","category-destaque-da-semana","category-ultima-hora"],"_links":{"self":[{"href":"https:\/\/diarioregionaldigital.com.br\/index.php?rest_route=\/wp\/v2\/posts\/206104","targetHints":{"allow":["GET"]}}],"collection":[{"href":"https:\/\/diarioregionaldigital.com.br\/index.php?rest_route=\/wp\/v2\/posts"}],"about":[{"href":"https:\/\/diarioregionaldigital.com.br\/index.php?rest_route=\/wp\/v2\/types\/post"}],"author":[{"embeddable":true,"href":"https:\/\/diarioregionaldigital.com.br\/index.php?rest_route=\/wp\/v2\/users\/246"}],"replies":[{"embeddable":true,"href":"https:\/\/diarioregionaldigital.com.br\/index.php?rest_route=%2Fwp%2Fv2%2Fcomments&post=206104"}],"version-history":[{"count":1,"href":"https:\/\/diarioregionaldigital.com.br\/index.php?rest_route=\/wp\/v2\/posts\/206104\/revisions"}],"predecessor-version":[{"id":206106,"href":"https:\/\/diarioregionaldigital.com.br\/index.php?rest_route=\/wp\/v2\/posts\/206104\/revisions\/206106"}],"wp:featuredmedia":[{"embeddable":true,"href":"https:\/\/diarioregionaldigital.com.br\/index.php?rest_route=\/wp\/v2\/media\/206105"}],"wp:attachment":[{"href":"https:\/\/diarioregionaldigital.com.br\/index.php?rest_route=%2Fwp%2Fv2%2Fmedia&parent=206104"}],"wp:term":[{"taxonomy":"category","embeddable":true,"href":"https:\/\/diarioregionaldigital.com.br\/index.php?rest_route=%2Fwp%2Fv2%2Fcategories&post=206104"},{"taxonomy":"post_tag","embeddable":true,"href":"https:\/\/diarioregionaldigital.com.br\/index.php?rest_route=%2Fwp%2Fv2%2Ftags&post=206104"}],"curies":[{"name":"wp","href":"https:\/\/api.w.org\/{rel}","templated":true}]}}