{"id":206098,"date":"2022-10-31T23:48:16","date_gmt":"2022-11-01T02:48:16","guid":{"rendered":"https:\/\/diarioregionaldigital.com.br\/?p=206098"},"modified":"2022-10-31T23:48:16","modified_gmt":"2022-11-01T02:48:16","slug":"selecao-feminina-enfrenta-o-canada-em-amistosos-preparatorios","status":"publish","type":"post","link":"https:\/\/diarioregionaldigital.com.br\/?p=206098","title":{"rendered":"Sele\u00e7\u00e3o feminina enfrenta o Canad\u00e1 em amistosos preparat\u00f3rios"},"content":{"rendered":"<p>Como parte da prepara\u00e7\u00e3o para a Copa do Mundo de futebol feminino de 2023, a sele\u00e7\u00e3o brasileira enfrentar\u00e1 o Canad\u00e1 em dois amistosos durante a \u00faltima Data Fifa do ano, entre 7 e 15 de novembro.<img decoding=\"async\" src=\"https:\/\/agenciabrasil.ebc.com.br\/ebc.png?id=1491570&amp;o=node\" \/><img decoding=\"async\" src=\"https:\/\/agenciabrasil.ebc.com.br\/ebc.gif?id=1491570&amp;o=node\" \/><\/p>\n<p>Segundo nota divulgada pela assessoria da Confedera\u00e7\u00e3o Brasileira de Futebol (CBF) no \u00faltimo s\u00e1bado (29), Brasil e Canad\u00e1 medem for\u00e7as no dia 11 de novembro, na Vila Belmiro, em Santos (SP), e quatro dias depois na Neo Qu\u00edmica Arena, em S\u00e3o Paulo (SP). As duas partidas ter\u00e3o in\u00edcio \u00e0s 15h15 (hor\u00e1rio de Bras\u00edlia).<\/p>\n<p>Com dez vit\u00f3rias consecutivas, 33 gols marcados e apenas um sofrido, a equipe comanda pela t\u00e9cnica sueca Pia Sundhage ter\u00e1 mais um grande teste na prepara\u00e7\u00e3o para o Mundial, cujos advers\u00e1rios foram conhecidos no dia 22 de outubro. Na primeira fase, o Brasil, que est\u00e1 no Grupo F, medir\u00e1 for\u00e7as com um advers\u00e1rio ainda a ser definido, com a Fran\u00e7a e com a Jamaica.<\/p>\n<p><span style=\"font-weight: 400;\">Fonte: Ag\u00eancia Brasil <\/span><\/p>\n","protected":false},"excerpt":{"rendered":"<p>Como parte da prepara\u00e7\u00e3o para a Copa do Mundo de futebol feminino de 2023, a sele\u00e7\u00e3o brasileira enfrentar\u00e1 o Canad\u00e1 em dois amistosos durante a \u00faltima Data Fifa do ano, entre 7 e 15 de novembro. Segundo nota divulgada pela assessoria da Confedera\u00e7\u00e3o Brasileira de Futebol (CBF) no \u00faltimo s\u00e1bado (29), Brasil e Canad\u00e1 medem [&hellip;]<\/p>\n","protected":false},"author":246,"featured_media":206099,"comment_status":"closed","ping_status":"closed","sticky":false,"template":"","format":"standard","meta":{"footnotes":""},"categories":[436,257,439],"tags":[],"class_list":["post-206098","post","type-post","status-publish","format-standard","has-post-thumbnail","hentry","category-destaque-da-semana","category-esporte","category-ultima-hora"],"_links":{"self":[{"href":"https:\/\/diarioregionaldigital.com.br\/index.php?rest_route=\/wp\/v2\/posts\/206098","targetHints":{"allow":["GET"]}}],"collection":[{"href":"https:\/\/diarioregionaldigital.com.br\/index.php?rest_route=\/wp\/v2\/posts"}],"about":[{"href":"https:\/\/diarioregionaldigital.com.br\/index.php?rest_route=\/wp\/v2\/types\/post"}],"author":[{"embeddable":true,"href":"https:\/\/diarioregionaldigital.com.br\/index.php?rest_route=\/wp\/v2\/users\/246"}],"replies":[{"embeddable":true,"href":"https:\/\/diarioregionaldigital.com.br\/index.php?rest_route=%2Fwp%2Fv2%2Fcomments&post=206098"}],"version-history":[{"count":1,"href":"https:\/\/diarioregionaldigital.com.br\/index.php?rest_route=\/wp\/v2\/posts\/206098\/revisions"}],"predecessor-version":[{"id":206100,"href":"https:\/\/diarioregionaldigital.com.br\/index.php?rest_route=\/wp\/v2\/posts\/206098\/revisions\/206100"}],"wp:featuredmedia":[{"embeddable":true,"href":"https:\/\/diarioregionaldigital.com.br\/index.php?rest_route=\/wp\/v2\/media\/206099"}],"wp:attachment":[{"href":"https:\/\/diarioregionaldigital.com.br\/index.php?rest_route=%2Fwp%2Fv2%2Fmedia&parent=206098"}],"wp:term":[{"taxonomy":"category","embeddable":true,"href":"https:\/\/diarioregionaldigital.com.br\/index.php?rest_route=%2Fwp%2Fv2%2Fcategories&post=206098"},{"taxonomy":"post_tag","embeddable":true,"href":"https:\/\/diarioregionaldigital.com.br\/index.php?rest_route=%2Fwp%2Fv2%2Ftags&post=206098"}],"curies":[{"name":"wp","href":"https:\/\/api.w.org\/{rel}","templated":true}]}}