{"id":206094,"date":"2022-10-31T23:46:35","date_gmt":"2022-11-01T02:46:35","guid":{"rendered":"https:\/\/diarioregionaldigital.com.br\/?p=206094"},"modified":"2022-10-31T23:46:35","modified_gmt":"2022-11-01T02:46:35","slug":"flamengo-domina-selecao-da-copa-libertadores","status":"publish","type":"post","link":"https:\/\/diarioregionaldigital.com.br\/?p=206094","title":{"rendered":"Flamengo domina sele\u00e7\u00e3o da Copa Libertadores"},"content":{"rendered":"<p>A Conmebol (Confedera\u00e7\u00e3o Sul-Americana de Futebol) anunciou nesta segunda-feira (31) a sele\u00e7\u00e3o da Copa Libertadores. E o campe\u00e3o Flamengo dominou a escala\u00e7\u00e3o, com a presen\u00e7a de seis jogadores (Santos, David Luiz, \u00c9verton Ribeiro, Arrascaeta, Gabriel Barbosa e Pedro) e do t\u00e9cnico Dorival J\u00fanior.<img decoding=\"async\" src=\"https:\/\/agenciabrasil.ebc.com.br\/ebc.png?id=1491605&amp;o=node\" \/><img decoding=\"async\" src=\"https:\/\/agenciabrasil.ebc.com.br\/ebc.gif?id=1491605&amp;o=node\" \/><\/p>\n<p>O Athletico-PR, o outro finalista da competi\u00e7\u00e3o continental, \u00e9 representado pelo veterano zagueiro Thiago Heleno e pelo jovem atacante Vitor Roque. A terceira equipe do Brasil representada na equipe \u00e9 o Palmeiras, com o zagueiro Gustavo G\u00f3mez e o meio-campista Gustavo Scarpa.<\/p>\n<p>A \u00fanica equipe que n\u00e3o \u00e9 do Brasil que conta com um jogador \u00e9 o V\u00e9lez Sarsfield, com o meia-atacante Janson.<\/p>\n<p><span style=\"font-weight: 400;\">\u00a0<\/span><span style=\"font-weight: 400;\"><br \/>\n<\/span><span style=\"font-weight: 400;\">Fonte: Ag\u00eancia Brasil <\/span><\/p>\n","protected":false},"excerpt":{"rendered":"<p>A Conmebol (Confedera\u00e7\u00e3o Sul-Americana de Futebol) anunciou nesta segunda-feira (31) a sele\u00e7\u00e3o da Copa Libertadores. E o campe\u00e3o Flamengo dominou a escala\u00e7\u00e3o, com a presen\u00e7a de seis jogadores (Santos, David Luiz, \u00c9verton Ribeiro, Arrascaeta, Gabriel Barbosa e Pedro) e do t\u00e9cnico Dorival J\u00fanior. O Athletico-PR, o outro finalista da competi\u00e7\u00e3o continental, \u00e9 representado pelo veterano [&hellip;]<\/p>\n","protected":false},"author":246,"featured_media":206095,"comment_status":"closed","ping_status":"closed","sticky":false,"template":"","format":"standard","meta":{"footnotes":""},"categories":[436,257,439],"tags":[],"class_list":["post-206094","post","type-post","status-publish","format-standard","has-post-thumbnail","hentry","category-destaque-da-semana","category-esporte","category-ultima-hora"],"_links":{"self":[{"href":"https:\/\/diarioregionaldigital.com.br\/index.php?rest_route=\/wp\/v2\/posts\/206094","targetHints":{"allow":["GET"]}}],"collection":[{"href":"https:\/\/diarioregionaldigital.com.br\/index.php?rest_route=\/wp\/v2\/posts"}],"about":[{"href":"https:\/\/diarioregionaldigital.com.br\/index.php?rest_route=\/wp\/v2\/types\/post"}],"author":[{"embeddable":true,"href":"https:\/\/diarioregionaldigital.com.br\/index.php?rest_route=\/wp\/v2\/users\/246"}],"replies":[{"embeddable":true,"href":"https:\/\/diarioregionaldigital.com.br\/index.php?rest_route=%2Fwp%2Fv2%2Fcomments&post=206094"}],"version-history":[{"count":1,"href":"https:\/\/diarioregionaldigital.com.br\/index.php?rest_route=\/wp\/v2\/posts\/206094\/revisions"}],"predecessor-version":[{"id":206096,"href":"https:\/\/diarioregionaldigital.com.br\/index.php?rest_route=\/wp\/v2\/posts\/206094\/revisions\/206096"}],"wp:featuredmedia":[{"embeddable":true,"href":"https:\/\/diarioregionaldigital.com.br\/index.php?rest_route=\/wp\/v2\/media\/206095"}],"wp:attachment":[{"href":"https:\/\/diarioregionaldigital.com.br\/index.php?rest_route=%2Fwp%2Fv2%2Fmedia&parent=206094"}],"wp:term":[{"taxonomy":"category","embeddable":true,"href":"https:\/\/diarioregionaldigital.com.br\/index.php?rest_route=%2Fwp%2Fv2%2Fcategories&post=206094"},{"taxonomy":"post_tag","embeddable":true,"href":"https:\/\/diarioregionaldigital.com.br\/index.php?rest_route=%2Fwp%2Fv2%2Ftags&post=206094"}],"curies":[{"name":"wp","href":"https:\/\/api.w.org\/{rel}","templated":true}]}}