{"id":206091,"date":"2022-10-31T23:45:07","date_gmt":"2022-11-01T02:45:07","guid":{"rendered":"https:\/\/diarioregionaldigital.com.br\/?p=206091"},"modified":"2022-10-31T23:45:07","modified_gmt":"2022-11-01T02:45:07","slug":"fluminense-derrota-ceara-e-garante-presenca-na-libertadores","status":"publish","type":"post","link":"https:\/\/diarioregionaldigital.com.br\/?p=206091","title":{"rendered":"Fluminense derrota Cear\u00e1 e garante presen\u00e7a na Libertadores"},"content":{"rendered":"<p>O Fluminense garantiu presen\u00e7a na edi\u00e7\u00e3o 2023 da Copa Libertadores. A classifica\u00e7\u00e3o do Tricolor das Laranjeiras para a competi\u00e7\u00e3o continental foi garantida nesta segunda-feira (31), ap\u00f3s vit\u00f3ria de 1 a 0 sobre o Cear\u00e1 no est\u00e1dio do Castel\u00e3o.<img decoding=\"async\" src=\"https:\/\/agenciabrasil.ebc.com.br\/ebc.png?id=1491617&amp;o=node\" \/><img decoding=\"async\" src=\"https:\/\/agenciabrasil.ebc.com.br\/ebc.gif?id=1491617&amp;o=node\" \/><\/p>\n<p>A vit\u00f3ria levou o Tricolor das Laranjeiras aos 61 pontos, na 4\u00aa posi\u00e7\u00e3o da classifica\u00e7\u00e3o. J\u00e1 para o Voz\u00e3o, que permanece na 17\u00aa posi\u00e7\u00e3o com 34 pontos, o rev\u00e9s aumenta as chances de rebaixamento para a S\u00e9rie B do Brasileiro.<\/p>\n<p>Em uma partida na qual criou mais oportunidades de gol, o Fluminense s\u00f3 garantiu a vit\u00f3ria aos 26 minutos do segundo tempo, quando Arias chutou para gol e Cano desviou de primeira para enganar o goleiro Jo\u00e3o Ricardo.<\/p>\n<p>Este foi o 21\u00ba gol do argentino no Brasileiro e o 39\u00ba do centroavante na temporada. Desta forma Cano passou a dividir o topo da artilharia do Fluminense em uma mesma temporada no s\u00e9culo, ao lado de Magno Alves, e igualou Aristiz\u00e1bal como o estrangeiro com mais gols em um mesmo Brasileiro de pontos corridos.<\/p>\n<p>O Fluminense volta a entrar em campo pelo Brasileiro no s\u00e1bado (5), quando recebe o S\u00e3o Paulo no Maracan\u00e3. No mesmo dia o Cear\u00e1 visita o Corinthians.<\/p>\n<p><span style=\"font-weight: 400;\">Fonte: Ag\u00eancia Brasil <\/span><\/p>\n","protected":false},"excerpt":{"rendered":"<p>O Fluminense garantiu presen\u00e7a na edi\u00e7\u00e3o 2023 da Copa Libertadores. A classifica\u00e7\u00e3o do Tricolor das Laranjeiras para a competi\u00e7\u00e3o continental foi garantida nesta segunda-feira (31), ap\u00f3s vit\u00f3ria de 1 a 0 sobre o Cear\u00e1 no est\u00e1dio do Castel\u00e3o. A vit\u00f3ria levou o Tricolor das Laranjeiras aos 61 pontos, na 4\u00aa posi\u00e7\u00e3o da classifica\u00e7\u00e3o. J\u00e1 para [&hellip;]<\/p>\n","protected":false},"author":246,"featured_media":206092,"comment_status":"closed","ping_status":"closed","sticky":false,"template":"","format":"standard","meta":{"footnotes":""},"categories":[436,257,439],"tags":[],"class_list":["post-206091","post","type-post","status-publish","format-standard","has-post-thumbnail","hentry","category-destaque-da-semana","category-esporte","category-ultima-hora"],"_links":{"self":[{"href":"https:\/\/diarioregionaldigital.com.br\/index.php?rest_route=\/wp\/v2\/posts\/206091","targetHints":{"allow":["GET"]}}],"collection":[{"href":"https:\/\/diarioregionaldigital.com.br\/index.php?rest_route=\/wp\/v2\/posts"}],"about":[{"href":"https:\/\/diarioregionaldigital.com.br\/index.php?rest_route=\/wp\/v2\/types\/post"}],"author":[{"embeddable":true,"href":"https:\/\/diarioregionaldigital.com.br\/index.php?rest_route=\/wp\/v2\/users\/246"}],"replies":[{"embeddable":true,"href":"https:\/\/diarioregionaldigital.com.br\/index.php?rest_route=%2Fwp%2Fv2%2Fcomments&post=206091"}],"version-history":[{"count":1,"href":"https:\/\/diarioregionaldigital.com.br\/index.php?rest_route=\/wp\/v2\/posts\/206091\/revisions"}],"predecessor-version":[{"id":206093,"href":"https:\/\/diarioregionaldigital.com.br\/index.php?rest_route=\/wp\/v2\/posts\/206091\/revisions\/206093"}],"wp:featuredmedia":[{"embeddable":true,"href":"https:\/\/diarioregionaldigital.com.br\/index.php?rest_route=\/wp\/v2\/media\/206092"}],"wp:attachment":[{"href":"https:\/\/diarioregionaldigital.com.br\/index.php?rest_route=%2Fwp%2Fv2%2Fmedia&parent=206091"}],"wp:term":[{"taxonomy":"category","embeddable":true,"href":"https:\/\/diarioregionaldigital.com.br\/index.php?rest_route=%2Fwp%2Fv2%2Fcategories&post=206091"},{"taxonomy":"post_tag","embeddable":true,"href":"https:\/\/diarioregionaldigital.com.br\/index.php?rest_route=%2Fwp%2Fv2%2Ftags&post=206091"}],"curies":[{"name":"wp","href":"https:\/\/api.w.org\/{rel}","templated":true}]}}