{"id":206088,"date":"2022-10-31T23:42:07","date_gmt":"2022-11-01T02:42:07","guid":{"rendered":"https:\/\/diarioregionaldigital.com.br\/?p=206088"},"modified":"2022-10-31T23:42:07","modified_gmt":"2022-11-01T02:42:07","slug":"brasil-vai-a-final-por-equipes-do-mundial-de-ginastica-artistica","status":"publish","type":"post","link":"https:\/\/diarioregionaldigital.com.br\/?p=206088","title":{"rendered":"Brasil vai \u00e0 final por equipes do Mundial de Gin\u00e1stica Art\u00edstica"},"content":{"rendered":"<p>O Brasil garantiu presen\u00e7a na final por equipes do Mundial de Gin\u00e1stica Art\u00edstica, que \u00e9 disputado em Liverpool (Inglaterra). O feito foi alcan\u00e7ado ap\u00f3s a sele\u00e7\u00e3o brasileira terminar a fase classificat\u00f3ria na 7\u00aa posi\u00e7\u00e3o. A decis\u00e3o ser\u00e1 na pr\u00f3xima quarta-feira (2).<img decoding=\"async\" src=\"https:\/\/agenciabrasil.ebc.com.br\/ebc.png?id=1491621&amp;o=node\" \/><img decoding=\"async\" src=\"https:\/\/agenciabrasil.ebc.com.br\/ebc.gif?id=1491621&amp;o=node\" \/><\/p>\n<p>Al\u00e9m disso, o pa\u00eds ser\u00e1 representado por Caio Souza e Diogo Soares na final do individual geral. Caio tamb\u00e9m est\u00e1 na final do salto, enquanto Arthur Nory vai buscar uma medalha na barra fixa, aparelho que venceu no Mundial de 2019, em Stuttgart (Alemanha).<\/p>\n<p>\u201cTodos os nossos objetivos foram alcan\u00e7ados. O primeiro era voltarmos \u00e0 final por equipes. Colocamos ainda dois brasileiros na final do individual geral. Quase conseguimos colocar dois tamb\u00e9m na final da barra [Caio \u00e9 o segundo reserva \u2013 foi o d\u00e9cimo colocado]. E o Caio tamb\u00e9m conseguiu ir para a final do salto\u201d, declarou o coordenador da sele\u00e7\u00e3o Masculina, o t\u00e9cnico Marcos Goto.<\/p>\n<h2>Decis\u00e3o feminina<\/h2>\n<p>Antes da final masculina o Brasil marca presen\u00e7a na decis\u00e3o feminina por equipes, que ser\u00e1 disputada na pr\u00f3xima ter\u00e7a-feira (1). Depois de terminar a classificat\u00f3ria numa hist\u00f3rica terceira posi\u00e7\u00e3o, o Brasil volta a medir sua for\u00e7a com as melhores ginastas do mundo. \u201cTemos uma equipe com algumas meninas novas e cometemos alguns erros na classificat\u00f3ria. Acho que temos margem de melhora\u201d, afirmou a treinadora Iryna Ilyashenko.<\/p>\n<p>Caso o Brasil repita a posi\u00e7\u00e3o da classificat\u00f3ria, ficando entre as tr\u00eas melhores equipes do mundo, garantir\u00e1 a classifica\u00e7\u00e3o ol\u00edmpica de forma antecipada.<\/p>\n<p><span style=\"font-weight: 400;\">Fonte: Ag\u00eancia Brasil\u00a0<\/span><span style=\"font-weight: 400;\"><br \/>\n<\/span><\/p>\n","protected":false},"excerpt":{"rendered":"<p>O Brasil garantiu presen\u00e7a na final por equipes do Mundial de Gin\u00e1stica Art\u00edstica, que \u00e9 disputado em Liverpool (Inglaterra). O feito foi alcan\u00e7ado ap\u00f3s a sele\u00e7\u00e3o brasileira terminar a fase classificat\u00f3ria na 7\u00aa posi\u00e7\u00e3o. A decis\u00e3o ser\u00e1 na pr\u00f3xima quarta-feira (2). Al\u00e9m disso, o pa\u00eds ser\u00e1 representado por Caio Souza e Diogo Soares na final [&hellip;]<\/p>\n","protected":false},"author":246,"featured_media":206089,"comment_status":"closed","ping_status":"closed","sticky":false,"template":"","format":"standard","meta":{"footnotes":""},"categories":[436,440,261,439],"tags":[],"class_list":["post-206088","post","type-post","status-publish","format-standard","has-post-thumbnail","hentry","category-destaque-da-semana","category-destaques-do-dia","category-economia","category-ultima-hora"],"_links":{"self":[{"href":"https:\/\/diarioregionaldigital.com.br\/index.php?rest_route=\/wp\/v2\/posts\/206088","targetHints":{"allow":["GET"]}}],"collection":[{"href":"https:\/\/diarioregionaldigital.com.br\/index.php?rest_route=\/wp\/v2\/posts"}],"about":[{"href":"https:\/\/diarioregionaldigital.com.br\/index.php?rest_route=\/wp\/v2\/types\/post"}],"author":[{"embeddable":true,"href":"https:\/\/diarioregionaldigital.com.br\/index.php?rest_route=\/wp\/v2\/users\/246"}],"replies":[{"embeddable":true,"href":"https:\/\/diarioregionaldigital.com.br\/index.php?rest_route=%2Fwp%2Fv2%2Fcomments&post=206088"}],"version-history":[{"count":1,"href":"https:\/\/diarioregionaldigital.com.br\/index.php?rest_route=\/wp\/v2\/posts\/206088\/revisions"}],"predecessor-version":[{"id":206090,"href":"https:\/\/diarioregionaldigital.com.br\/index.php?rest_route=\/wp\/v2\/posts\/206088\/revisions\/206090"}],"wp:featuredmedia":[{"embeddable":true,"href":"https:\/\/diarioregionaldigital.com.br\/index.php?rest_route=\/wp\/v2\/media\/206089"}],"wp:attachment":[{"href":"https:\/\/diarioregionaldigital.com.br\/index.php?rest_route=%2Fwp%2Fv2%2Fmedia&parent=206088"}],"wp:term":[{"taxonomy":"category","embeddable":true,"href":"https:\/\/diarioregionaldigital.com.br\/index.php?rest_route=%2Fwp%2Fv2%2Fcategories&post=206088"},{"taxonomy":"post_tag","embeddable":true,"href":"https:\/\/diarioregionaldigital.com.br\/index.php?rest_route=%2Fwp%2Fv2%2Ftags&post=206088"}],"curies":[{"name":"wp","href":"https:\/\/api.w.org\/{rel}","templated":true}]}}