{"id":206085,"date":"2022-10-31T23:37:23","date_gmt":"2022-11-01T02:37:23","guid":{"rendered":"https:\/\/diarioregionaldigital.com.br\/?p=206085"},"modified":"2022-10-31T23:37:23","modified_gmt":"2022-11-01T02:37:23","slug":"flavio-bolsonaro-agradece-pelos-votos-dados-ao-pai-nas-eleicoes","status":"publish","type":"post","link":"https:\/\/diarioregionaldigital.com.br\/?p=206085","title":{"rendered":"Fl\u00e1vio Bolsonaro agradece pelos votos dados ao pai nas elei\u00e7\u00f5es"},"content":{"rendered":"<p>O senador Fl\u00e1vio Bolsonaro (PL-RJ), filho do presidente Jair Bolsonaro (PL) e coordenador da campanha \u00e0 reelei\u00e7\u00e3o, agradeceu aos eleitores que votaram em seu pai neste\u00a0domingo\u00a0(30). Bolsonaro perdeu a disputa \u00e0 Presid\u00eancia da Rep\u00fablica para Luiz In\u00e1cio Lula da Silva, que assumir\u00e1 um terceiro mandato a partir de 1\u00ba janeiro de 2023.<img decoding=\"async\" src=\"https:\/\/agenciabrasil.ebc.com.br\/ebc.png?id=1491572&amp;o=node\" \/><img decoding=\"async\" src=\"https:\/\/agenciabrasil.ebc.com.br\/ebc.gif?id=1491572&amp;o=node\" \/><\/p>\n<p>&#8220;Obrigado a cada um que nos ajudou a resgatar o patriotismo, que orou, rezou, foi para as ruas, deu seu suor pelo pa\u00eds que est\u00e1 dando certo e deu a Bolsonaro a maior vota\u00e7\u00e3o de sua vida! Vamos erguer a cabe\u00e7a e n\u00e3o vamos desistir do nosso Brasil! Deus no comando!&#8221;, postou Fl\u00e1vio em uma rede social.<\/p>\n<p>O senador \u00e9 o primeiro membro da fam\u00edlia Bolsonaro a comentar os resultados das elei\u00e7\u00f5es deste\u00a0domingo. At\u00e9 o momento, o presidente Jair Bolsonaro n\u00e3o se pronunciou sobre o resultado.<\/p>\n<p>Com 100% das urnas apuradas, Lula obteve 60,3 milh\u00f5es de votos, o que corresponde a 50,90% dos votos v\u00e1lidos. J\u00e1 o presidente Jair Bolsonaro ficou com 49,10% dos votos, somando 58,2 milh\u00f5es de sufr\u00e1gios.<\/p>\n<p><span style=\"font-weight: 400;\">\u00a0<\/span><span style=\"font-weight: 400;\"><br \/>\n<\/span><span style=\"font-weight: 400;\">Fonte: Ag\u00eancia Brasil <\/span><\/p>\n","protected":false},"excerpt":{"rendered":"<p>O senador Fl\u00e1vio Bolsonaro (PL-RJ), filho do presidente Jair Bolsonaro (PL) e coordenador da campanha \u00e0 reelei\u00e7\u00e3o, agradeceu aos eleitores que votaram em seu pai neste\u00a0domingo\u00a0(30). Bolsonaro perdeu a disputa \u00e0 Presid\u00eancia da Rep\u00fablica para Luiz In\u00e1cio Lula da Silva, que assumir\u00e1 um terceiro mandato a partir de 1\u00ba janeiro de 2023. &#8220;Obrigado a cada [&hellip;]<\/p>\n","protected":false},"author":246,"featured_media":206086,"comment_status":"closed","ping_status":"closed","sticky":false,"template":"","format":"standard","meta":{"footnotes":""},"categories":[436,254,439],"tags":[],"class_list":["post-206085","post","type-post","status-publish","format-standard","has-post-thumbnail","hentry","category-destaque-da-semana","category-politica","category-ultima-hora"],"_links":{"self":[{"href":"https:\/\/diarioregionaldigital.com.br\/index.php?rest_route=\/wp\/v2\/posts\/206085","targetHints":{"allow":["GET"]}}],"collection":[{"href":"https:\/\/diarioregionaldigital.com.br\/index.php?rest_route=\/wp\/v2\/posts"}],"about":[{"href":"https:\/\/diarioregionaldigital.com.br\/index.php?rest_route=\/wp\/v2\/types\/post"}],"author":[{"embeddable":true,"href":"https:\/\/diarioregionaldigital.com.br\/index.php?rest_route=\/wp\/v2\/users\/246"}],"replies":[{"embeddable":true,"href":"https:\/\/diarioregionaldigital.com.br\/index.php?rest_route=%2Fwp%2Fv2%2Fcomments&post=206085"}],"version-history":[{"count":1,"href":"https:\/\/diarioregionaldigital.com.br\/index.php?rest_route=\/wp\/v2\/posts\/206085\/revisions"}],"predecessor-version":[{"id":206087,"href":"https:\/\/diarioregionaldigital.com.br\/index.php?rest_route=\/wp\/v2\/posts\/206085\/revisions\/206087"}],"wp:featuredmedia":[{"embeddable":true,"href":"https:\/\/diarioregionaldigital.com.br\/index.php?rest_route=\/wp\/v2\/media\/206086"}],"wp:attachment":[{"href":"https:\/\/diarioregionaldigital.com.br\/index.php?rest_route=%2Fwp%2Fv2%2Fmedia&parent=206085"}],"wp:term":[{"taxonomy":"category","embeddable":true,"href":"https:\/\/diarioregionaldigital.com.br\/index.php?rest_route=%2Fwp%2Fv2%2Fcategories&post=206085"},{"taxonomy":"post_tag","embeddable":true,"href":"https:\/\/diarioregionaldigital.com.br\/index.php?rest_route=%2Fwp%2Fv2%2Ftags&post=206085"}],"curies":[{"name":"wp","href":"https:\/\/api.w.org\/{rel}","templated":true}]}}