{"id":206076,"date":"2022-10-31T23:30:22","date_gmt":"2022-11-01T02:30:22","guid":{"rendered":"https:\/\/diarioregionaldigital.com.br\/?p=206076"},"modified":"2022-10-31T23:30:22","modified_gmt":"2022-11-01T02:30:22","slug":"lula-conversa-por-telefone-com-biden-macron-e-sanchez","status":"publish","type":"post","link":"https:\/\/diarioregionaldigital.com.br\/?p=206076","title":{"rendered":"Lula conversa por telefone com Biden, Macron e S\u00e1nchez"},"content":{"rendered":"<p>No dia seguinte \u00e0 sua vit\u00f3ria nas urnas, o\u00a0<a href=\"https:\/\/agenciabrasil.ebc.com.br\/politica\/noticia\/2022-10\/lula-77-anos-e-eleito-para-o-3o-mandato-de-presidente-da-republica\" target=\"_blank\" rel=\"noopener\">presidente eleito Luiz In\u00e1cio Lula da Silva\u00a0<\/a>\u00a0come\u00e7ou a receber liga\u00e7\u00f5es de chefes de Estado de diversos pa\u00edses, todos felicitando-o pela elei\u00e7\u00e3o. Entre as autoridades internacionais que conversaram com Lula est\u00e3o o presidente da Fran\u00e7a, Emmanuel Macron, o presidente do governo da Espanha, Pedro S\u00e1nchez, e o presidente dos Estados Unidos, Joe Biden.<img decoding=\"async\" src=\"https:\/\/agenciabrasil.ebc.com.br\/ebc.png?id=1491580&amp;o=node\" \/><img decoding=\"async\" src=\"https:\/\/agenciabrasil.ebc.com.br\/ebc.gif?id=1491580&amp;o=node\" \/><\/p>\n<p>Macron divulgou em suas redes sociais um v\u00eddeo de sua liga\u00e7\u00e3o para Lula. O mandat\u00e1rio franc\u00eas parabenizou o brasileiro pela elei\u00e7\u00e3o. Lula respondeu afirmando que houve o \u201cresgate da democracia\u201d nas elei\u00e7\u00f5es de ontem (30). \u201cEstamos vivendo um dia muito feliz porque conseguimos resgatar a democracia\u201d, disse ele na breve conversa.<\/p>\n<p>No telefonema com Biden, os dois falaram da for\u00e7a da democracia no Brasil e, segundo a embaixada dos EUA no Brasil, trataram da rela\u00e7\u00e3o entre os dois pa\u00edses, sobretudo em temas como mudan\u00e7as clim\u00e1ticas, a garantia da seguran\u00e7a alimentar, a promo\u00e7\u00e3o da inclus\u00e3o e da democracia, e o gerenciamento da migra\u00e7\u00e3o regional.<\/p>\n<p>Pelas redes sociais, S\u00e1nchez informou de sua liga\u00e7\u00e3o para Lula. Ele parabenizou o presidente eleito, desejou-lhe sorte no comando do governo e manifestou seu interesse de trabalhar junto com o Brasil na luta contra a pobreza, a fome e as mudan\u00e7as clim\u00e1ticas.<\/p>\n<p>Al\u00e9m dos telefonemas, Lula recebeu diversas mensagens de felicita\u00e7\u00e3o pelo Twitter. Chefes de Estado de pa\u00edses como Holanda, Alemanha, Chile, Honduras, Paraguai, Haiti, Guatemala, Barbados, Guin\u00e9-Bissau, Reino Unido, Uruguai, Peru, Equador, Venezuela, M\u00e9xico, Canad\u00e1 e Portugal se manifestaram pela rede social, congratulando o presidente eleito. Autoridades da Uni\u00e3o Europeia tamb\u00e9m parabenizaram o brasileiro.<\/p>\n<p><span style=\"font-weight: 400;\">Fonte: Ag\u00eancia Brasil <\/span><\/p>\n","protected":false},"excerpt":{"rendered":"<p>No dia seguinte \u00e0 sua vit\u00f3ria nas urnas, o\u00a0presidente eleito Luiz In\u00e1cio Lula da Silva\u00a0\u00a0come\u00e7ou a receber liga\u00e7\u00f5es de chefes de Estado de diversos pa\u00edses, todos felicitando-o pela elei\u00e7\u00e3o. Entre as autoridades internacionais que conversaram com Lula est\u00e3o o presidente da Fran\u00e7a, Emmanuel Macron, o presidente do governo da Espanha, Pedro S\u00e1nchez, e o presidente [&hellip;]<\/p>\n","protected":false},"author":246,"featured_media":206077,"comment_status":"closed","ping_status":"closed","sticky":false,"template":"","format":"standard","meta":{"footnotes":""},"categories":[436,440,254,439],"tags":[],"class_list":["post-206076","post","type-post","status-publish","format-standard","has-post-thumbnail","hentry","category-destaque-da-semana","category-destaques-do-dia","category-politica","category-ultima-hora"],"_links":{"self":[{"href":"https:\/\/diarioregionaldigital.com.br\/index.php?rest_route=\/wp\/v2\/posts\/206076","targetHints":{"allow":["GET"]}}],"collection":[{"href":"https:\/\/diarioregionaldigital.com.br\/index.php?rest_route=\/wp\/v2\/posts"}],"about":[{"href":"https:\/\/diarioregionaldigital.com.br\/index.php?rest_route=\/wp\/v2\/types\/post"}],"author":[{"embeddable":true,"href":"https:\/\/diarioregionaldigital.com.br\/index.php?rest_route=\/wp\/v2\/users\/246"}],"replies":[{"embeddable":true,"href":"https:\/\/diarioregionaldigital.com.br\/index.php?rest_route=%2Fwp%2Fv2%2Fcomments&post=206076"}],"version-history":[{"count":1,"href":"https:\/\/diarioregionaldigital.com.br\/index.php?rest_route=\/wp\/v2\/posts\/206076\/revisions"}],"predecessor-version":[{"id":206078,"href":"https:\/\/diarioregionaldigital.com.br\/index.php?rest_route=\/wp\/v2\/posts\/206076\/revisions\/206078"}],"wp:featuredmedia":[{"embeddable":true,"href":"https:\/\/diarioregionaldigital.com.br\/index.php?rest_route=\/wp\/v2\/media\/206077"}],"wp:attachment":[{"href":"https:\/\/diarioregionaldigital.com.br\/index.php?rest_route=%2Fwp%2Fv2%2Fmedia&parent=206076"}],"wp:term":[{"taxonomy":"category","embeddable":true,"href":"https:\/\/diarioregionaldigital.com.br\/index.php?rest_route=%2Fwp%2Fv2%2Fcategories&post=206076"},{"taxonomy":"post_tag","embeddable":true,"href":"https:\/\/diarioregionaldigital.com.br\/index.php?rest_route=%2Fwp%2Fv2%2Ftags&post=206076"}],"curies":[{"name":"wp","href":"https:\/\/api.w.org\/{rel}","templated":true}]}}