{"id":206070,"date":"2022-10-31T23:22:46","date_gmt":"2022-11-01T02:22:46","guid":{"rendered":"https:\/\/diarioregionaldigital.com.br\/?p=206070"},"modified":"2022-10-31T23:22:46","modified_gmt":"2022-11-01T02:22:46","slug":"projecao-da-inflacao-para-2022-varia-de-560-para-561","status":"publish","type":"post","link":"https:\/\/diarioregionaldigital.com.br\/?p=206070","title":{"rendered":"Proje\u00e7\u00e3o da infla\u00e7\u00e3o para 2022 varia de 5,60% para 5,61%"},"content":{"rendered":"<p>A previs\u00e3o do mercado financeiro para o \u00cdndice Nacional de Pre\u00e7os ao Consumidor Amplo (IPCA), considerada a infla\u00e7\u00e3o oficial do pa\u00eds, teve varia\u00e7\u00e3o positiva de 5,60% para 5,61% para este ano. \u00c9 a primeira eleva\u00e7\u00e3o na proje\u00e7\u00e3o, ap\u00f3s 17 semanas de redu\u00e7\u00e3o consecutiva.<img decoding=\"async\" src=\"https:\/\/agenciabrasil.ebc.com.br\/ebc.png?id=1491441&amp;o=node\" \/><img decoding=\"async\" src=\"https:\/\/agenciabrasil.ebc.com.br\/ebc.gif?id=1491441&amp;o=node\" \/><\/p>\n<p>A estimativa consta do Boletim Focus de hoje (31), pesquisa divulgada semanalmente pelo Banco Central (BC), em Bras\u00edlia, com a expectativa de institui\u00e7\u00f5es financeiras para os principais indicadores econ\u00f4micos.<\/p>\n<p>Para 2023, a proje\u00e7\u00e3o da infla\u00e7\u00e3o ficou em 4,94%. Para 2024 e 2025, as previs\u00f5es s\u00e3o de infla\u00e7\u00e3o em 3,50% e 3%, respectivamente.<\/p>\n<p>A estimativa para 2022 est\u00e1 acima do teto da meta de infla\u00e7\u00e3o que deve ser perseguida pelo BC. A meta, definida pelo Conselho Monet\u00e1rio Nacional, \u00e9 de 3,5% para este ano, com intervalo de toler\u00e2ncia de 1,5 ponto percentual para cima ou para baixo. Ou seja, o limite inferior \u00e9 2% e o superior 5%.<\/p>\n<p>Em setembro, houve\u00a0<a href=\"http:\/\/agenciabrasil.ebc.com.br\/economia\/noticia\/2022-10\/ipca-registra-queda-de-precos-de-029-em-setembro\" target=\"_blank\" rel=\"noopener\">defla\u00e7\u00e3o<\/a>\u00a0de 0,29%, o terceiro m\u00eas seguido de queda no indicador. Com o resultado, o IPCA acumula alta de 4,09% no ano e 7,17% em 12 meses, segundo o Instituto Brasileiro de Geografia e Estat\u00edstica (IBGE).<\/p>\n<h2>Taxa de juros<\/h2>\n<p>Para alcan\u00e7ar a meta de infla\u00e7\u00e3o, o Banco Central usa como principal instrumento a taxa b\u00e1sica de juros, a Selic, definida em 13,75% ao ano pelo Comit\u00ea de Pol\u00edtica Monet\u00e1ria (Copom). A taxa est\u00e1 no maior n\u00edvel desde janeiro de 2017, quando tamb\u00e9m estava nesse patamar.<\/p>\n<p>Para o mercado financeiro, a expectativa \u00e9 de que a Selic encerre o ano nos mesmos 13,75%. Para o fim de 2023, a estimativa \u00e9 de que a taxa b\u00e1sica caia para 11,25% ao ano. J\u00e1 para 2024 e 2025, a previs\u00e3o \u00e9 de Selic em 8% ao ano e 7,75% ao ano, respectivamente.<\/p>\n<p>Quando o Copom aumenta a taxa b\u00e1sica de juros, a finalidade \u00e9 conter a demanda aquecida, e isso causa reflexos nos pre\u00e7os porque os juros mais altos encarecem o cr\u00e9dito e estimulam a poupan\u00e7a. Desse modo, taxas mais altas tamb\u00e9m podem dificultar a expans\u00e3o da economia. Al\u00e9m da Selic, os bancos consideram outros fatores na hora de definir os juros cobrados dos consumidores, como risco de inadimpl\u00eancia, lucro e despesas administrativas.<\/p>\n<p>Quando o Copom diminui a Selic, a tend\u00eancia \u00e9 que o cr\u00e9dito fique mais barato, com incentivo \u00e0 produ\u00e7\u00e3o e ao consumo, reduzindo o controle sobre a infla\u00e7\u00e3o e estimulando a atividade econ\u00f4mica.<\/p>\n<h2>PIB e c\u00e2mbio<\/h2>\n<p>A proje\u00e7\u00e3o das institui\u00e7\u00f5es financeiras para o crescimento da economia brasileira neste ano continua em 2,76%. Para 2023, a expectativa para o Produto Interno Bruto (PIB) &#8211; a soma de todos os bens e servi\u00e7os produzidos no pa\u00eds &#8211; \u00e9 de crescimento de 0,64%. Para 2024 e 2025, o mercado financeiro projeta expans\u00e3o do PIB em 1,8% e 2%, respectivamente.<\/p>\n<p>A expectativa para a cota\u00e7\u00e3o do d\u00f3lar manteve-se em R$ 5,20 para o final deste ano. Para o fim de 2023, a previs\u00e3o \u00e9 de que a moeda americana se mantenha nesse mesmo patamar.<\/p>\n<p><span style=\"font-weight: 400;\">Fonte: Ag\u00eancia Brasil <\/span><\/p>\n","protected":false},"excerpt":{"rendered":"<p>A previs\u00e3o do mercado financeiro para o \u00cdndice Nacional de Pre\u00e7os ao Consumidor Amplo (IPCA), considerada a infla\u00e7\u00e3o oficial do pa\u00eds, teve varia\u00e7\u00e3o positiva de 5,60% para 5,61% para este ano. \u00c9 a primeira eleva\u00e7\u00e3o na proje\u00e7\u00e3o, ap\u00f3s 17 semanas de redu\u00e7\u00e3o consecutiva. A estimativa consta do Boletim Focus de hoje (31), pesquisa divulgada semanalmente [&hellip;]<\/p>\n","protected":false},"author":246,"featured_media":206071,"comment_status":"closed","ping_status":"closed","sticky":false,"template":"","format":"standard","meta":{"footnotes":""},"categories":[436,261,439],"tags":[],"class_list":["post-206070","post","type-post","status-publish","format-standard","has-post-thumbnail","hentry","category-destaque-da-semana","category-economia","category-ultima-hora"],"_links":{"self":[{"href":"https:\/\/diarioregionaldigital.com.br\/index.php?rest_route=\/wp\/v2\/posts\/206070","targetHints":{"allow":["GET"]}}],"collection":[{"href":"https:\/\/diarioregionaldigital.com.br\/index.php?rest_route=\/wp\/v2\/posts"}],"about":[{"href":"https:\/\/diarioregionaldigital.com.br\/index.php?rest_route=\/wp\/v2\/types\/post"}],"author":[{"embeddable":true,"href":"https:\/\/diarioregionaldigital.com.br\/index.php?rest_route=\/wp\/v2\/users\/246"}],"replies":[{"embeddable":true,"href":"https:\/\/diarioregionaldigital.com.br\/index.php?rest_route=%2Fwp%2Fv2%2Fcomments&post=206070"}],"version-history":[{"count":1,"href":"https:\/\/diarioregionaldigital.com.br\/index.php?rest_route=\/wp\/v2\/posts\/206070\/revisions"}],"predecessor-version":[{"id":206072,"href":"https:\/\/diarioregionaldigital.com.br\/index.php?rest_route=\/wp\/v2\/posts\/206070\/revisions\/206072"}],"wp:featuredmedia":[{"embeddable":true,"href":"https:\/\/diarioregionaldigital.com.br\/index.php?rest_route=\/wp\/v2\/media\/206071"}],"wp:attachment":[{"href":"https:\/\/diarioregionaldigital.com.br\/index.php?rest_route=%2Fwp%2Fv2%2Fmedia&parent=206070"}],"wp:term":[{"taxonomy":"category","embeddable":true,"href":"https:\/\/diarioregionaldigital.com.br\/index.php?rest_route=%2Fwp%2Fv2%2Fcategories&post=206070"},{"taxonomy":"post_tag","embeddable":true,"href":"https:\/\/diarioregionaldigital.com.br\/index.php?rest_route=%2Fwp%2Fv2%2Ftags&post=206070"}],"curies":[{"name":"wp","href":"https:\/\/api.w.org\/{rel}","templated":true}]}}