{"id":206062,"date":"2022-10-31T23:19:37","date_gmt":"2022-11-01T02:19:37","guid":{"rendered":"https:\/\/diarioregionaldigital.com.br\/?p=206062"},"modified":"2022-10-31T23:19:37","modified_gmt":"2022-11-01T02:19:37","slug":"dolar-cai-para-r-516-um-dia-apos-segundo-turno-das-eleicoes","status":"publish","type":"post","link":"https:\/\/diarioregionaldigital.com.br\/?p=206062","title":{"rendered":"D\u00f3lar cai para R$ 5,16 um dia ap\u00f3s segundo turno das elei\u00e7\u00f5es"},"content":{"rendered":"<p>Na contram\u00e3o do exterior, o mercado financeiro teve um dia de al\u00edvio ap\u00f3s o segundo turno das elei\u00e7\u00f5es presidenciais. O d\u00f3lar caiu para o menor n\u00edvel em dez dias, e a bolsa subiu com a entrada de capitais estrangeiros.<img decoding=\"async\" src=\"https:\/\/agenciabrasil.ebc.com.br\/ebc.png?id=1491585&amp;o=node\" \/><img decoding=\"async\" src=\"https:\/\/agenciabrasil.ebc.com.br\/ebc.gif?id=1491585&amp;o=node\" \/><\/p>\n<p>O d\u00f3lar comercial encerrou esta\u00a0segunda-feira (31) vendido a R$ 5,166, com recuo de R$ 0,134 (-2,54%). A cota\u00e7\u00e3o abriu a R$ 5,40, mas desacelerou a alta e passou a registrar queda pouco antes das 11h. Na m\u00ednima do dia, por volta das 16h, chegou a R$ 5,15.<\/p>\n<p>A moeda norte-americana est\u00e1 no menor n\u00edvel desde o \u00faltimo dia 21, quando tinha fechado em R$ 5,148. A divisa encerrou outubro com queda de 4,24% e acumula perda de 7,35% em 2022.<\/p>\n<p>O dia tamb\u00e9m foi de euforia no mercado de a\u00e7\u00f5es. Ap\u00f3s abrir em baixa, o \u00edndice Ibovespa, da B3, fechou aos 116.037 pontos, com alta de 1,31%. O indicador avan\u00e7ou 5,66% em outubro, em um m\u00eas marcado pela volatilidade, e acumula ganhos de 10,66% em 2022.<\/p>\n<p>Apesar da queda de a\u00e7\u00f5es de empresas estatais, como Petrobras e Banco do Brasil, o ingresso de fluxo estrangeiro ap\u00f3s o resultado das elei\u00e7\u00f5es presidenciais, que deram a vit\u00f3ria ao candidato Luiz In\u00e1cio Lula da Silva (PT), fizeram o Ibovespa subir, com destaque para bancos privados, linhas a\u00e9reas e varejistas.<\/p>\n<p>O mercado brasileiro descolou-se do exterior. Nos Estados Unidos, os tr\u00eas principais \u00edndices ca\u00edram com o receio de uma recess\u00e3o global. Tamb\u00e9m pesaram as expectativas em torno da reuni\u00e3o desta semana do Federal Reserve (Fed, Banco Central norte-americano), que dever\u00e1 elevar os juros b\u00e1sicos norte-americanos em 0,75 ponto percentual.<\/p>\n<p>O \u00edndice Dow Jones, das empresas industriais, recuou 0,39%. O Nasdaq, das empresas de tecnologia, caiu 1,03%. O S&amp;P 500, das maiores companhias, perdeu 0,75%.<\/p>\n<p><span style=\"font-weight: 400;\">Fonte: Ag\u00eancia Brasil <\/span><\/p>\n","protected":false},"excerpt":{"rendered":"<p>Na contram\u00e3o do exterior, o mercado financeiro teve um dia de al\u00edvio ap\u00f3s o segundo turno das elei\u00e7\u00f5es presidenciais. O d\u00f3lar caiu para o menor n\u00edvel em dez dias, e a bolsa subiu com a entrada de capitais estrangeiros. O d\u00f3lar comercial encerrou esta\u00a0segunda-feira (31) vendido a R$ 5,166, com recuo de R$ 0,134 (-2,54%). [&hellip;]<\/p>\n","protected":false},"author":246,"featured_media":206064,"comment_status":"closed","ping_status":"closed","sticky":false,"template":"","format":"standard","meta":{"footnotes":""},"categories":[436,440,261,439],"tags":[],"class_list":["post-206062","post","type-post","status-publish","format-standard","has-post-thumbnail","hentry","category-destaque-da-semana","category-destaques-do-dia","category-economia","category-ultima-hora"],"_links":{"self":[{"href":"https:\/\/diarioregionaldigital.com.br\/index.php?rest_route=\/wp\/v2\/posts\/206062","targetHints":{"allow":["GET"]}}],"collection":[{"href":"https:\/\/diarioregionaldigital.com.br\/index.php?rest_route=\/wp\/v2\/posts"}],"about":[{"href":"https:\/\/diarioregionaldigital.com.br\/index.php?rest_route=\/wp\/v2\/types\/post"}],"author":[{"embeddable":true,"href":"https:\/\/diarioregionaldigital.com.br\/index.php?rest_route=\/wp\/v2\/users\/246"}],"replies":[{"embeddable":true,"href":"https:\/\/diarioregionaldigital.com.br\/index.php?rest_route=%2Fwp%2Fv2%2Fcomments&post=206062"}],"version-history":[{"count":1,"href":"https:\/\/diarioregionaldigital.com.br\/index.php?rest_route=\/wp\/v2\/posts\/206062\/revisions"}],"predecessor-version":[{"id":206065,"href":"https:\/\/diarioregionaldigital.com.br\/index.php?rest_route=\/wp\/v2\/posts\/206062\/revisions\/206065"}],"wp:featuredmedia":[{"embeddable":true,"href":"https:\/\/diarioregionaldigital.com.br\/index.php?rest_route=\/wp\/v2\/media\/206064"}],"wp:attachment":[{"href":"https:\/\/diarioregionaldigital.com.br\/index.php?rest_route=%2Fwp%2Fv2%2Fmedia&parent=206062"}],"wp:term":[{"taxonomy":"category","embeddable":true,"href":"https:\/\/diarioregionaldigital.com.br\/index.php?rest_route=%2Fwp%2Fv2%2Fcategories&post=206062"},{"taxonomy":"post_tag","embeddable":true,"href":"https:\/\/diarioregionaldigital.com.br\/index.php?rest_route=%2Fwp%2Fv2%2Ftags&post=206062"}],"curies":[{"name":"wp","href":"https:\/\/api.w.org\/{rel}","templated":true}]}}