{"id":206059,"date":"2022-10-30T06:00:21","date_gmt":"2022-10-30T09:00:21","guid":{"rendered":"https:\/\/diarioregionaldigital.com.br\/?p=206059"},"modified":"2022-10-29T00:55:36","modified_gmt":"2022-10-29T03:55:36","slug":"um-novo-ruy-na-academia","status":"publish","type":"post","link":"https:\/\/diarioregionaldigital.com.br\/?p=206059","title":{"rendered":"Um novo Ruy na academia"},"content":{"rendered":"<p>Com significativos 32 votos, o jornalista e escritor mineiro Ruy Castro foi eleito para a Academia Brasileira de Letras, na vaga que pertenceu a S\u00e9rgio Paulo Rouanet, ex-ministro da Cultura do nosso pa\u00eds.<\/p>\n<p>\u00c9 o segundo Ruy na vida da ABL. O primeiro foi o famoso Rui Barbosa, que substituiu Machado de Assis na presid\u00eancia dessa importante casa de cultura. Agora chega Ruy Castro, com uma relevante bagagem de obras de grande relevo para a cultura brasileira. Hoje, \u00e9 um dos principais bi\u00f3grafos do Brasil, com obras como \u201cCarmen, uma biografia\u201d, de 2005; \u201cGarrincha, uma estrela solit\u00e1ria\u201d, de 1995 e \u201cNelson Rodrigues, o anjo pornogr\u00e1fico\u201d, de 1992.<\/p>\n<p>Em algumas oportunidades, consultado por Ruy, com quem trabalhei nos idos de 1960 na revista \u201cManchete\u201d, sob a dire\u00e7\u00e3o de Justino Martins, tive o ensejo de contar o que sabia sobre o conv\u00edvio de mais de 10 anos com Nelson Rodrigues, a come\u00e7ar na \u201c\u00daltima Hora\u201d e depois na \u201cManchete Esportiva\u201d, e sobre o jogador Garrincha, que acompanhei bem de perto nos treinamentos da sele\u00e7\u00e3o brasileira de 1958, em Po\u00e7os de Caldas e Arax\u00e1. Ruy queria saber se era verdade que Garrincha era um beberr\u00e3o contumaz e se isso teria prejudicado a sua incr\u00edvel carreira de futebol brasileiro. Por dever de justi\u00e7a, rep\u00f3rter atento que sempre fui, desmenti que isso fosse verdade, pois logo eu saberia. E um fato dessa natureza n\u00e3o passaria despercebido do treinador Vicente Feola, que conduziu com muita compet\u00eancia e dedica\u00e7\u00e3o a sele\u00e7\u00e3o canarinho ao seu primeiro grande t\u00edtulo internacional, na Copa da Su\u00e9cia.<\/p>\n<p>Tudo isso firmou entre n\u00f3s dois ( Ruy e eu ) uma s\u00f3lida admira\u00e7\u00e3o. Fui chefe de reportagem da Manchete, nos prim\u00f3rdios de carreira do jovem rep\u00f3rter de Caratinga, que hoje chega com brilho e amplos m\u00e9ritos \u00e0 Casa de Machado de Assis.<\/p>\n<p>Nas comemora\u00e7\u00f5es da sua vit\u00f3ria, o colunista da \u201cFolha de S\u00e3o Paulo\u201d destacou que a Academia, em v\u00e1rios momentos da hist\u00f3ria do Brasil, teve participa\u00e7\u00e3o relevante nos destinos da na\u00e7\u00e3o. E lembrou alguns nomes da sua maravilhosa galeria de mitos, como Oswaldo Cruz, Euclides da Cunha e Joaquim Nabuco, para s\u00f3 ficar nesses exemplos. Como escritor, Ruy escreveu livros importantes, como o \u201cChega de Saudade\u201d e \u201cEla \u00e9 carioca\u201d. Prometeu seguir na sua carreira vitoriosa, mas n\u00e3o quis revelar o que tem em mente. Foi uma bela conquista da ABL.<\/p>\n","protected":false},"excerpt":{"rendered":"<p>Com significativos 32 votos, o jornalista e escritor mineiro Ruy Castro foi eleito para a Academia Brasileira de Letras, na vaga que pertenceu a S\u00e9rgio Paulo Rouanet, ex-ministro da Cultura do nosso pa\u00eds. \u00c9 o segundo Ruy na vida da ABL. O primeiro foi o famoso Rui Barbosa, que substituiu Machado de Assis na presid\u00eancia [&hellip;]<\/p>\n","protected":false},"author":96,"featured_media":0,"comment_status":"closed","ping_status":"closed","sticky":false,"template":"","format":"standard","meta":{"footnotes":""},"categories":[275],"tags":[],"class_list":["post-206059","post","type-post","status-publish","format-standard","hentry","category-arnaldo-niskier"],"_links":{"self":[{"href":"https:\/\/diarioregionaldigital.com.br\/index.php?rest_route=\/wp\/v2\/posts\/206059","targetHints":{"allow":["GET"]}}],"collection":[{"href":"https:\/\/diarioregionaldigital.com.br\/index.php?rest_route=\/wp\/v2\/posts"}],"about":[{"href":"https:\/\/diarioregionaldigital.com.br\/index.php?rest_route=\/wp\/v2\/types\/post"}],"author":[{"embeddable":true,"href":"https:\/\/diarioregionaldigital.com.br\/index.php?rest_route=\/wp\/v2\/users\/96"}],"replies":[{"embeddable":true,"href":"https:\/\/diarioregionaldigital.com.br\/index.php?rest_route=%2Fwp%2Fv2%2Fcomments&post=206059"}],"version-history":[{"count":1,"href":"https:\/\/diarioregionaldigital.com.br\/index.php?rest_route=\/wp\/v2\/posts\/206059\/revisions"}],"predecessor-version":[{"id":206060,"href":"https:\/\/diarioregionaldigital.com.br\/index.php?rest_route=\/wp\/v2\/posts\/206059\/revisions\/206060"}],"wp:attachment":[{"href":"https:\/\/diarioregionaldigital.com.br\/index.php?rest_route=%2Fwp%2Fv2%2Fmedia&parent=206059"}],"wp:term":[{"taxonomy":"category","embeddable":true,"href":"https:\/\/diarioregionaldigital.com.br\/index.php?rest_route=%2Fwp%2Fv2%2Fcategories&post=206059"},{"taxonomy":"post_tag","embeddable":true,"href":"https:\/\/diarioregionaldigital.com.br\/index.php?rest_route=%2Fwp%2Fv2%2Ftags&post=206059"}],"curies":[{"name":"wp","href":"https:\/\/api.w.org\/{rel}","templated":true}]}}