{"id":206052,"date":"2022-10-28T17:31:01","date_gmt":"2022-10-28T20:31:01","guid":{"rendered":"https:\/\/diarioregionaldigital.com.br\/?p=206052"},"modified":"2022-10-28T17:31:01","modified_gmt":"2022-10-28T20:31:01","slug":"programa-boniteza-realiza-101-intervencoes-nesta-sexta-28","status":"publish","type":"post","link":"https:\/\/diarioregionaldigital.com.br\/?p=206052","title":{"rendered":"Programa Boniteza realiza 101 interven\u00e7\u00f5es nesta sexta, 28"},"content":{"rendered":"<p>Segundo informa\u00e7\u00f5es do site da Prefeitura de Juiz de Fora (PJF), o\u00a0Programa Boniteza da Prefeitura de Juiz de Fora (PJF) opera em 101 interven\u00e7\u00f5es nesta sexta-feira, 28.<\/p>\n<p>&nbsp;<\/p>\n<p><strong>Obras<\/strong><\/p>\n<p>&nbsp;<\/p>\n<p>Os Departamentos de Opera\u00e7\u00e3o e Manuten\u00e7\u00e3o em Obras (Domo) e de Estradas Vicinais da Secretaria de Obras t\u00eam previstas 9 a\u00e7\u00f5es.<\/p>\n<p>&nbsp;<\/p>\n<p><strong>Interven\u00e7\u00f5es em continuidade:<\/strong><\/p>\n<p>&#8211; Execu\u00e7\u00e3o de rede de drenagem &#8211; Rua Fernando Lamarca &#8211; Distrito Industrial<\/p>\n<p>&#8211; Corre\u00e7\u00e3o de eros\u00e3o pluvial &#8211; Rua Jos\u00e9 Monteiro &#8211; Vila Ideal<\/p>\n<p>&#8211; Coloca\u00e7\u00e3o de grade de concreto &#8211; Rua Mister Moore &#8211; Centro<\/p>\n<p>&#8211; Desobstru\u00e7\u00e3o de boca de lobo &#8211; Rua Bertha Halfeld<\/p>\n<p>&#8211; Patrolamento &#8211; Estrada da Lagoa<\/p>\n<p>&#8211; Patrolamento &#8211; Estrada boa vista<\/p>\n<p><strong>Novas interven\u00e7\u00f5es:<\/strong><\/p>\n<p>&#8211; Limpeza de boca de lobo &#8211; Rua Maria Catarina &#8211; Benfica<\/p>\n<p>&#8211; Corre\u00e7\u00e3o de eros\u00e3o pluvial &#8211; Rua Padre Caf\u00e9 &#8211; S\u00e3o Mateus<\/p>\n<p>&#8211; Prepara\u00e7\u00e3o para obra de cal\u00e7amento &#8211; Rua Principal de Penido &#8211; Penido<\/p>\n<p>&nbsp;<\/p>\n<p><strong>Ilumina\u00e7\u00e3o P\u00fablica<\/strong><\/p>\n<p>&nbsp;<\/p>\n<p>O departamento de Ilumina\u00e7\u00e3o P\u00fablica da PJF d\u00e1 continuidade \u00e0s a\u00e7\u00f5es com a previs\u00e3o de trocas de 92 l\u00e2mpadas em todas as regi\u00f5es.<\/p>\n<p><strong>Tiguera<\/strong><\/p>\n<p>Rua Regina Ladeira Halfeld<\/p>\n<p>Rua Luciano Vianello<\/p>\n<p><strong>Benfica<\/strong><\/p>\n<p>Rua Paulo Garcia<\/p>\n<p>Rua Ant\u00f4nio Favero<\/p>\n<p>Avenida In\u00eas Garcia<\/p>\n<p>Av. Juscelino Kubitschek<\/p>\n<p>Rua Diogo Alvares<\/p>\n<p><strong>Novo Triunfo<\/strong><\/p>\n<p>Avenida Eud\u00f3xio Infante Vieira<\/p>\n<p>Rua E<\/p>\n<p>Rua S\u00edlvia De Souza Ferreira<\/p>\n<p><strong>Eldorado<\/strong><\/p>\n<p>Rua Jo\u00e3o Garcia Couri<\/p>\n<p>Rua Doutor Sebasti\u00e3o De Andrade<\/p>\n<p><strong>Recanto Dos Lagos<\/strong><\/p>\n<p>Rua Detetive Afonso Celso<\/p>\n<p>Rua Jos\u00e9 Da Silva Atalaia<\/p>\n<p><strong>Granjas Bet\u00e2nia<\/strong><\/p>\n<p>Rua Otac\u00edlio Esteves Da Silva<\/p>\n<p>Rua Avelino Jaco Da Silva<\/p>\n<p>Rua Jo\u00e3o Rosa De Araujo<\/p>\n<p><strong>Linhares<\/strong><\/p>\n<p>Rua Romeu Pastori<\/p>\n<p>Rua Francelino Chaves<\/p>\n<p>Rua Capit\u00e3o Maur\u00edcio S\u00e1vio<\/p>\n<p>Rua \u00c2ngelo Bigi<\/p>\n<p>Rua Engenheiro Paulo Correa E Castro<\/p>\n<p><strong>Nossa Senhora Aparecida<\/strong><\/p>\n<p>Rua Ant\u00f4nio Coimbra<\/p>\n<p>Rua L\u00e1zaro Zamenhof<\/p>\n<p>Rua Orlando Riane<\/p>\n<p>Rua Capit\u00e3o Bicalho<\/p>\n<p>Rua Nossa Senhora Aparecida<\/p>\n<p>Rua Augusto Alves<\/p>\n<p><strong>Bom Jardim<\/strong><\/p>\n<p>Rua Romeu Pastori<\/p>\n<p>Rua Paulo Otaviano<\/p>\n<p><strong>Democrata<\/strong><\/p>\n<p>Rua Professora Violeta Santos<\/p>\n<p>Rua Nestor Doyle Silva<\/p>\n<p>Rua Muria\u00e9<\/p>\n<p>Rua Major Raul Mendon\u00e7a<\/p>\n<p><strong>Nossa Senhora De Lourdes<\/strong><\/p>\n<p>Rua Dulce Palmer<\/p>\n<p>Rua Florentina Garcia<\/p>\n<p><strong>Santo Ant\u00f4nio<\/strong><\/p>\n<p>Rua Pedro Trogo<\/p>\n<p>Rua Francisco Pereira<\/p>\n<p><strong>Terras Altas<\/strong><\/p>\n<p>Rua Geraldo Dias Passos<\/p>\n<p>Rua Marly Candida Da Silva<\/p>\n<p><strong>Vivendas Do Retiro<\/strong><\/p>\n<p>Rua H\u00e9lio Fellet<\/p>\n<p><strong>Bar\u00e3o Do Retiro<\/strong><\/p>\n<p>Rua Aladim Silva<\/p>\n<p><strong>Jardim Esperanca<\/strong><\/p>\n<p>Rua Padre Ac\u00e1cio Duarte<\/p>\n<p><strong>Parque Das Palmeiras<\/strong><\/p>\n<p>Rua Professora Geralda Armond<\/p>\n<p><strong>Costa Carvalho<\/strong><\/p>\n<p>Rua Olga Burnier<\/p>\n<p><strong>Araujo<\/strong><\/p>\n<p>Rua Olympio Costa<\/p>\n<p><strong>Bom Clima<\/strong><\/p>\n<p>Rua Anne Garios<\/p>\n<p>Rua Paracatu<\/p>\n<p><strong>Bandeirantes<\/strong><\/p>\n<p>Rua Aurora Trist\u00e3o<\/p>\n<p>Rua Doutor Jo\u00e3o Camilo De Oliveira Torres<\/p>\n<p><strong>Vivendas Da Serra<\/strong><\/p>\n<p>Domingos Tavares De Souza<\/p>\n<p><strong>Graja\u00fa<\/strong><\/p>\n<p>Escadaria<\/p>\n<p><strong>Vila Alpina<\/strong><\/p>\n<p>Rua Sebasti\u00e3o Costa<\/p>\n<p><strong>Santa C\u00e2ndida<\/strong><\/p>\n<p>Rua Ademir Pedretti Dos Santos<\/p>\n<p><strong>S\u00e3o Bernardo<\/strong><\/p>\n<p>Rua Goiaz<\/p>\n<p><strong>S\u00e3o Benedito<\/strong><\/p>\n<p>Rua Ac\u00e1cio Paulino Pinto<\/p>\n<p>Rua D (Bela Vista)<\/p>\n<p><strong>Santos Anjos<\/strong><\/p>\n<p>Rua Maestro Max Gefter<\/p>\n<p><strong>Santa Rita De C\u00e1ssia<\/strong><\/p>\n<p>Rua Urias Fonseca<\/p>\n<p><strong>Centro<\/strong><\/p>\n<p>Avenida Francisco Bernardino<\/p>\n<p><strong>Jardim Gl\u00f3ria<\/strong><\/p>\n<p>Rua Quintino Bocaiuva<\/p>\n<p><strong>Tr\u00eas Moinhos<\/strong><\/p>\n<p>Rua Jo\u00e3o Luzia<\/p>\n<p><strong>Bonsucesso<\/strong><\/p>\n<p>Rua Jos\u00e9 De Souza Chagas<\/p>\n<p>&nbsp;<\/p>\n<p><strong>Gabinete de A\u00e7\u00e3o e Di\u00e1logo Comunit\u00e1rio<\/strong><\/p>\n<p>As a\u00e7\u00f5es da Secretaria de Obras s\u00e3o realizadas atrav\u00e9s do Gabinete de A\u00e7\u00e3o e Di\u00e1logo Comunit\u00e1rio, que recebe demandas de melhorias urbanas pelo n\u00famero (32) 3690-7241, por liga\u00e7\u00e3o ou WhatsApp.<\/p>\n<p>No\u00a0<a href=\"https:\/\/www.pjf.mg.gov.br\/gabinetecomunitario\/\"><strong>site do gabinete<\/strong><\/a>, est\u00e3o dispon\u00edveis informa\u00e7\u00f5es atualizadas\u00a0 diariamente sobre os servi\u00e7os realizados pelas secretarias de Obras (SO); de Sustentabilidade em Meio Ambiente e Atividades Urbanas (Sesmaur); de Mobilidade Urbana (SMU); e pela\u00a0 Empresa Municipal de Pavimenta\u00e7\u00e3o e Urbaniza\u00e7\u00e3o (Empav); Departamento Municipal de Limpeza Urbana (Demlurb); e Companhia de Saneamento Municipal (Cesama).<\/p>\n","protected":false},"excerpt":{"rendered":"<p>Segundo informa\u00e7\u00f5es do site da Prefeitura de Juiz de Fora (PJF), o\u00a0Programa Boniteza da Prefeitura de Juiz de Fora (PJF) opera em 101 interven\u00e7\u00f5es nesta sexta-feira, 28. &nbsp; Obras &nbsp; Os Departamentos de Opera\u00e7\u00e3o e Manuten\u00e7\u00e3o em Obras (Domo) e de Estradas Vicinais da Secretaria de Obras t\u00eam previstas 9 a\u00e7\u00f5es. &nbsp; Interven\u00e7\u00f5es em continuidade: [&hellip;]<\/p>\n","protected":false},"author":246,"featured_media":206053,"comment_status":"closed","ping_status":"closed","sticky":false,"template":"","format":"standard","meta":{"footnotes":""},"categories":[253,436,439],"tags":[],"class_list":["post-206052","post","type-post","status-publish","format-standard","has-post-thumbnail","hentry","category-cidade","category-destaque-da-semana","category-ultima-hora"],"_links":{"self":[{"href":"https:\/\/diarioregionaldigital.com.br\/index.php?rest_route=\/wp\/v2\/posts\/206052","targetHints":{"allow":["GET"]}}],"collection":[{"href":"https:\/\/diarioregionaldigital.com.br\/index.php?rest_route=\/wp\/v2\/posts"}],"about":[{"href":"https:\/\/diarioregionaldigital.com.br\/index.php?rest_route=\/wp\/v2\/types\/post"}],"author":[{"embeddable":true,"href":"https:\/\/diarioregionaldigital.com.br\/index.php?rest_route=\/wp\/v2\/users\/246"}],"replies":[{"embeddable":true,"href":"https:\/\/diarioregionaldigital.com.br\/index.php?rest_route=%2Fwp%2Fv2%2Fcomments&post=206052"}],"version-history":[{"count":1,"href":"https:\/\/diarioregionaldigital.com.br\/index.php?rest_route=\/wp\/v2\/posts\/206052\/revisions"}],"predecessor-version":[{"id":206054,"href":"https:\/\/diarioregionaldigital.com.br\/index.php?rest_route=\/wp\/v2\/posts\/206052\/revisions\/206054"}],"wp:featuredmedia":[{"embeddable":true,"href":"https:\/\/diarioregionaldigital.com.br\/index.php?rest_route=\/wp\/v2\/media\/206053"}],"wp:attachment":[{"href":"https:\/\/diarioregionaldigital.com.br\/index.php?rest_route=%2Fwp%2Fv2%2Fmedia&parent=206052"}],"wp:term":[{"taxonomy":"category","embeddable":true,"href":"https:\/\/diarioregionaldigital.com.br\/index.php?rest_route=%2Fwp%2Fv2%2Fcategories&post=206052"},{"taxonomy":"post_tag","embeddable":true,"href":"https:\/\/diarioregionaldigital.com.br\/index.php?rest_route=%2Fwp%2Fv2%2Ftags&post=206052"}],"curies":[{"name":"wp","href":"https:\/\/api.w.org\/{rel}","templated":true}]}}