{"id":206048,"date":"2022-10-28T17:28:51","date_gmt":"2022-10-28T20:28:51","guid":{"rendered":"https:\/\/diarioregionaldigital.com.br\/?p=206048"},"modified":"2022-10-28T17:28:51","modified_gmt":"2022-10-28T20:28:51","slug":"mais-de-40-horas-de-atividades-marcaram-mes-do-servidor-na-pjf","status":"publish","type":"post","link":"https:\/\/diarioregionaldigital.com.br\/?p=206048","title":{"rendered":"Mais de 40 horas de atividades marcaram m\u00eas do servidor na PJF"},"content":{"rendered":"<p>Segundo informa\u00e7\u00f5es do site da Prefeitura de Juiz de Fora (PJF), \u201cUm pa\u00eds que n\u00e3o zela pelo seu servi\u00e7o p\u00fablico \u00e9 um pa\u00eds derrotado, \u00e9 um pa\u00eds sem perspectiva, \u00e9 um pa\u00eds sem estrat\u00e9gia. Neste dia \u00e9 dia de luta em defesa do servi\u00e7o p\u00fablico, mas \u00e9 dia de muita satisfa\u00e7\u00e3o, de muita alegria e de muito agradecimento a todos os trabalhadores p\u00fablicos que, aqui em Juiz de Fora, contribuem para que nossa cidade esteja j\u00e1 escrevendo uma nova hist\u00f3ria\u201d.\u00a0<a href=\"https:\/\/fb.watch\/grRylZXNRu\/\"><strong>O agradecimento da prefeita Margarida Salom\u00e3o<\/strong><\/a>\u00a0aos servidores da Prefeitura de Juiz de Fora (PJF) pelo Dia do Servidor, comemorado nesta sexta-feira, 28, conclui uma s\u00e9rie de a\u00e7\u00f5es realizadas pela PJF durante o m\u00eas, pensadas especialmente no servidor.<\/p>\n<p>Foram mais de 40 horas de atividades acumuladas envolvendo diretamente os servidores da PJF. As a\u00e7\u00f5es come\u00e7aram ainda no final de setembro com o campeonato interno de futebol. Reunindo 16 equipes, formadas pelas diversas secretarias da PJF e a C\u00e2mara Municipal, o torneio contou com 26 partidas, realizadas nos campos do Progresso, Nova Uni\u00e3o e no palco principal do futebol juiz-forano, o Est\u00e1dio Municipal Radialista M\u00e1rio Hel\u00eanio, local da final.\u00a0<a href=\"https:\/\/www.pjf.mg.gov.br\/noticias\/view.php?modo=link2&amp;idnoticia2=77502\"><strong>A C\u00e2mara Municipal ficou com o t\u00edtulo do campeonato, seguida pelos vice-campe\u00f5es do Demlurb e a Empav em terceiro lugar<\/strong><\/a>.<\/p>\n<p>O futsal tamb\u00e9m foi destaque em outubro com o campeonato interno da modalidade. Foram dez partidas no gin\u00e1sio da Secretaria de Esporte e Lazer e no Clube Bom Pastor, local que viu as\u00a0<a href=\"https:\/\/www.pjf.mg.gov.br\/noticias\/view.php?modo=link2&amp;idnoticia2=77454\"><strong>servidoras do combinado Sel\/Sesmaur\/SG vencerem a Seapa\/Secom\/STDA na final e serem as campe\u00e3s do torneio<\/strong><\/a>.<\/p>\n<p>O Parque Municipal foi o local escolhido para a largada e chegada da\u00a0<a href=\"https:\/\/www.pjf.mg.gov.br\/noticias\/view.php?modo=link2&amp;idnoticia2=77501\"><strong>3\u00aa Corrida Fam\u00edlia do Servidor<\/strong><\/a>\u00a0no s\u00e1bado, 22. Contando com cerca de cem corredores, a corrida foi disputada em quatro categorias e os trof\u00e9us dos primeiros colocados foram entregues pela prefeita Margarida Salom\u00e3o, acompanhada pelos secret\u00e1rios da SRH e SEL, Rog\u00e9rio de Freitas e Marcelo Matta.\u00a0<a href=\"https:\/\/drive.google.com\/drive\/folders\/1smr4kvTKfDIu_BB0yHljMpHWeFUwWJDb?usp=share_link\"><strong>Todos os participantes receberam medalha de participa\u00e7\u00e3o<\/strong><\/a>. A manh\u00e3 de s\u00e1bado tamb\u00e9m contou com a recrea\u00e7\u00e3o do JF Lazer, transformando o dia em um momento de integra\u00e7\u00e3o entre servidores e familiares.<\/p>\n<p>\u201cMuitos servidores s\u00e3o adeptos da corrida e da pr\u00e1tica do esporte e, aqui, estamos juntando essa tradi\u00e7\u00e3o da corrida do servidor com o Parque Municipal, que oferece um espa\u00e7o para a atividade de lazer. Oferecemos um dia de atividades para a fam\u00edlia do servidor, fazendo parte dessa valoriza\u00e7\u00e3o do servidor, que \u00e9 a parte mais importante de qualquer prefeitura\u201d, avaliou o\u00a0<a href=\"https:\/\/fb.watch\/grUmpty305\/\"><strong>secret\u00e1rio de Recursos Humanos, Rog\u00e9rio de Freitas<\/strong><\/a>.<\/p>\n<p><strong>Arte e cultura<\/strong><\/p>\n<p>Mais de cem servidores e servidoras da PJF tamb\u00e9m subiram ao palco do Teatro Paschoal Carlos Magno para o 4\u00ba Dan\u00e7ando o Bem, com o\u00a0<a href=\"https:\/\/www.pjf.mg.gov.br\/noticias\/view.php?modo=link2&amp;idnoticia2=77541\"><strong>espet\u00e1culo \u201cDe repente\u2026 18\u201d<\/strong><\/a>. O evento, promovido pelo Programa de Atividade F\u00edsica e Qualidade de Vida (PAFQV) da Secretaria de Recursos Humanos (SRH) da PJF, foi aberto ao p\u00fablico, que p\u00f4de trocar os convites por alimentos n\u00e3o-perec\u00edveis, que ser\u00e3o doados para a \u201cSopa dos Pobres\u201d.<\/p>\n<p>Em \u201cDe repente\u2026 18\u201d, o PAFQV reuniu\u00a0<a href=\"https:\/\/drive.google.com\/drive\/u\/1\/folders\/1ijvor4oBILEoCYnKVjPhhVaKuL0o4W1s\"><strong>18 coreografias que marcaram os 18 anos at\u00e9 aqui do programa<\/strong><\/a>. A mostra de atividades realizadas ao longo do ano pelo programa levou ao palco do Teatro Paschoal Carlos Magno um espet\u00e1culo ecl\u00e9tico e cheio de emo\u00e7\u00f5es. Foram apresenta\u00e7\u00f5es de soltinho, batchata, jazz, zumba, bolero, gin\u00e1stica geral, salsa, yoga, forr\u00f3, samba, treinamento funcional, valsa, tango e a novidade dan\u00e7as brasileiras, que contagiou a plateia que lotou o teatro, com o cl\u00e1ssico \u201cAi, menina\u201d, de Lia Sophia.<\/p>\n<p>As a\u00e7\u00f5es tamb\u00e9m contaram com mais uma edi\u00e7\u00e3o do projeto \u201cCompartilhando Sa\u00fade\u201d, coordenado pelo Plano de Assist\u00eancia \u00e0 Sa\u00fade (Sa\u00fade Servidor).\u00a0<a href=\"https:\/\/www.instagram.com\/tv\/CkOns8vgErd\/?utm_source=ig_web_copy_link\"><strong>O tema abordado foi o \u201cc\u00e2ncer de mama\u201d<\/strong><\/a>, em refer\u00eancia especial \u00e0 campanha \u201cOutubro Rosa\u201d. A s\u00e9rie de programa\u00e7\u00f5es especiais ser\u00e1 completa nesta sexta com a feirinha do servidor, com barraquinhas, show de talentos dos servidores e atra\u00e7\u00f5es culturais no p\u00e1tio da PJF<\/p>\n","protected":false},"excerpt":{"rendered":"<p>Segundo informa\u00e7\u00f5es do site da Prefeitura de Juiz de Fora (PJF), \u201cUm pa\u00eds que n\u00e3o zela pelo seu servi\u00e7o p\u00fablico \u00e9 um pa\u00eds derrotado, \u00e9 um pa\u00eds sem perspectiva, \u00e9 um pa\u00eds sem estrat\u00e9gia. Neste dia \u00e9 dia de luta em defesa do servi\u00e7o p\u00fablico, mas \u00e9 dia de muita satisfa\u00e7\u00e3o, de muita alegria e [&hellip;]<\/p>\n","protected":false},"author":246,"featured_media":206049,"comment_status":"closed","ping_status":"closed","sticky":false,"template":"","format":"standard","meta":{"footnotes":""},"categories":[253,436,439],"tags":[],"class_list":["post-206048","post","type-post","status-publish","format-standard","has-post-thumbnail","hentry","category-cidade","category-destaque-da-semana","category-ultima-hora"],"_links":{"self":[{"href":"https:\/\/diarioregionaldigital.com.br\/index.php?rest_route=\/wp\/v2\/posts\/206048","targetHints":{"allow":["GET"]}}],"collection":[{"href":"https:\/\/diarioregionaldigital.com.br\/index.php?rest_route=\/wp\/v2\/posts"}],"about":[{"href":"https:\/\/diarioregionaldigital.com.br\/index.php?rest_route=\/wp\/v2\/types\/post"}],"author":[{"embeddable":true,"href":"https:\/\/diarioregionaldigital.com.br\/index.php?rest_route=\/wp\/v2\/users\/246"}],"replies":[{"embeddable":true,"href":"https:\/\/diarioregionaldigital.com.br\/index.php?rest_route=%2Fwp%2Fv2%2Fcomments&post=206048"}],"version-history":[{"count":2,"href":"https:\/\/diarioregionaldigital.com.br\/index.php?rest_route=\/wp\/v2\/posts\/206048\/revisions"}],"predecessor-version":[{"id":206051,"href":"https:\/\/diarioregionaldigital.com.br\/index.php?rest_route=\/wp\/v2\/posts\/206048\/revisions\/206051"}],"wp:featuredmedia":[{"embeddable":true,"href":"https:\/\/diarioregionaldigital.com.br\/index.php?rest_route=\/wp\/v2\/media\/206049"}],"wp:attachment":[{"href":"https:\/\/diarioregionaldigital.com.br\/index.php?rest_route=%2Fwp%2Fv2%2Fmedia&parent=206048"}],"wp:term":[{"taxonomy":"category","embeddable":true,"href":"https:\/\/diarioregionaldigital.com.br\/index.php?rest_route=%2Fwp%2Fv2%2Fcategories&post=206048"},{"taxonomy":"post_tag","embeddable":true,"href":"https:\/\/diarioregionaldigital.com.br\/index.php?rest_route=%2Fwp%2Fv2%2Ftags&post=206048"}],"curies":[{"name":"wp","href":"https:\/\/api.w.org\/{rel}","templated":true}]}}