{"id":206045,"date":"2022-10-28T17:26:07","date_gmt":"2022-10-28T20:26:07","guid":{"rendered":"https:\/\/diarioregionaldigital.com.br\/?p=206045"},"modified":"2022-10-28T17:26:07","modified_gmt":"2022-10-28T20:26:07","slug":"prefeitura-disponibiliza-onibus-gratuito-no-segundo-turno-das-eleicoes","status":"publish","type":"post","link":"https:\/\/diarioregionaldigital.com.br\/?p=206045","title":{"rendered":"Prefeitura disponibiliza \u00f4nibus gratuito no segundo turno das elei\u00e7\u00f5es"},"content":{"rendered":"<p>Segundo informa\u00e7\u00f5es do site da Prefeitura de Juiz de Fora (PJF), seguindo a orienta\u00e7\u00e3o do Tribunal Superior Eleitoral (TSE), de facilitar o acesso das pessoas aos locais de vota\u00e7\u00e3o, a Prefeitura de Juiz de Fora (PJF) disponibilizar\u00e1 para o segundo turno das elei\u00e7\u00f5es, que acontece no pr\u00f3ximo domingo, 30, \u00f4nibus gratuito durante a elei\u00e7\u00e3o. A n\u00e3o cobran\u00e7a da passagem no transporte p\u00fablico coletivo urbano ser\u00e1 no hor\u00e1rio entre 7h e 18h. Al\u00e9m disso, durante todo o dia, os \u00f4nibus v\u00e3o circular com o quadro de hor\u00e1rios de dias \u00fateis. A decis\u00e3o repete a <a href=\"https:\/\/www.pjf.mg.gov.br\/noticias\/view.php?modo=link2&amp;idnoticia2=77206\"><strong>medida j\u00e1 tomada no primeiro turno das elei\u00e7\u00f5es<\/strong><\/a>.<\/p>\n","protected":false},"excerpt":{"rendered":"<p>Segundo informa\u00e7\u00f5es do site da Prefeitura de Juiz de Fora (PJF), seguindo a orienta\u00e7\u00e3o do Tribunal Superior Eleitoral (TSE), de facilitar o acesso das pessoas aos locais de vota\u00e7\u00e3o, a Prefeitura de Juiz de Fora (PJF) disponibilizar\u00e1 para o segundo turno das elei\u00e7\u00f5es, que acontece no pr\u00f3ximo domingo, 30, \u00f4nibus gratuito durante a elei\u00e7\u00e3o. A [&hellip;]<\/p>\n","protected":false},"author":246,"featured_media":206046,"comment_status":"closed","ping_status":"closed","sticky":false,"template":"","format":"standard","meta":{"footnotes":""},"categories":[253,436,439],"tags":[],"class_list":["post-206045","post","type-post","status-publish","format-standard","has-post-thumbnail","hentry","category-cidade","category-destaque-da-semana","category-ultima-hora"],"_links":{"self":[{"href":"https:\/\/diarioregionaldigital.com.br\/index.php?rest_route=\/wp\/v2\/posts\/206045","targetHints":{"allow":["GET"]}}],"collection":[{"href":"https:\/\/diarioregionaldigital.com.br\/index.php?rest_route=\/wp\/v2\/posts"}],"about":[{"href":"https:\/\/diarioregionaldigital.com.br\/index.php?rest_route=\/wp\/v2\/types\/post"}],"author":[{"embeddable":true,"href":"https:\/\/diarioregionaldigital.com.br\/index.php?rest_route=\/wp\/v2\/users\/246"}],"replies":[{"embeddable":true,"href":"https:\/\/diarioregionaldigital.com.br\/index.php?rest_route=%2Fwp%2Fv2%2Fcomments&post=206045"}],"version-history":[{"count":1,"href":"https:\/\/diarioregionaldigital.com.br\/index.php?rest_route=\/wp\/v2\/posts\/206045\/revisions"}],"predecessor-version":[{"id":206047,"href":"https:\/\/diarioregionaldigital.com.br\/index.php?rest_route=\/wp\/v2\/posts\/206045\/revisions\/206047"}],"wp:featuredmedia":[{"embeddable":true,"href":"https:\/\/diarioregionaldigital.com.br\/index.php?rest_route=\/wp\/v2\/media\/206046"}],"wp:attachment":[{"href":"https:\/\/diarioregionaldigital.com.br\/index.php?rest_route=%2Fwp%2Fv2%2Fmedia&parent=206045"}],"wp:term":[{"taxonomy":"category","embeddable":true,"href":"https:\/\/diarioregionaldigital.com.br\/index.php?rest_route=%2Fwp%2Fv2%2Fcategories&post=206045"},{"taxonomy":"post_tag","embeddable":true,"href":"https:\/\/diarioregionaldigital.com.br\/index.php?rest_route=%2Fwp%2Fv2%2Ftags&post=206045"}],"curies":[{"name":"wp","href":"https:\/\/api.w.org\/{rel}","templated":true}]}}