{"id":206042,"date":"2022-10-28T17:23:27","date_gmt":"2022-10-28T20:23:27","guid":{"rendered":"https:\/\/diarioregionaldigital.com.br\/?p=206042"},"modified":"2022-10-28T17:23:27","modified_gmt":"2022-10-28T20:23:27","slug":"pjf-ira-repassar-r-440-mil-reais-para-familias-afetadas-pelas-chuvas","status":"publish","type":"post","link":"https:\/\/diarioregionaldigital.com.br\/?p=206042","title":{"rendered":"PJF ir\u00e1 repassar R$ 440 mil reais para fam\u00edlias afetadas pelas chuvas"},"content":{"rendered":"<p>Segundo informa\u00e7\u00f5es do site da Prefeitura de Juiz de Fora (PJF),\u00a0 vai ser repassado pela PJF cerca de R$ 440 mil para a popula\u00e7\u00e3o afetada no \u00faltimo per\u00edodo chuvoso. As 368 pessoas que tiveram im\u00f3veis interditados diante da situa\u00e7\u00e3o de emerg\u00eancia do m\u00eas de janeiro receber\u00e3o, cada uma, aux\u00edlio financeiro de R$1.200.<\/p>\n<p>A iniciativa \u00e9 in\u00e9dita na hist\u00f3ria do munic\u00edpio. \u201cIsso se deve ao brilhante trabalho da Defesa Civil, que \u00e9 uma das \u00e1reas de trabalho dentro da Secretaria de Governo. H\u00e1 fam\u00edlias com cinco pessoas que est\u00e3o recebendo R$ 6 mil, porque \u00e9 R$1.200 para cada uma. Esses recursos vieram do Estado de Minas Gerais e n\u00f3s estamos fazendo chegar \u00e0s pessoas&#8221;, ressalta a prefeita Margarida Salom\u00e3o.<\/p>\n<p>A capta\u00e7\u00e3o do recurso foi realizada pela Defesa Civil da PJF, que enviou relat\u00f3rio ao governo estadual detalhando os danos e as fam\u00edlias afetadas pelas fortes chuvas de janeiro, m\u00eas em que Juiz de Fora registrou volume de chuva hist\u00f3rico. Apenas em uma semana, do dia 7 ao dia 11 de janeiro, choveu 62% do esperado para todo o m\u00eas. Na ocasi\u00e3o, a PJF decretou estado de emerg\u00eancia. A Defesa Civil atendeu mais de 600 ocorr\u00eancias e realizou o atendimento social de todas as fam\u00edlias atingidas, encaminhando para o aux\u00edlio-moradia \u00e0quelas que tinham direito. Em paralelo, iniciou o processo de capta\u00e7\u00e3o de recursos estaduais.<\/p>\n<p>A Secretaria de Assist\u00eancia Social (SAS) atendeu e orientou as pessoas que t\u00eam direito ao aux\u00edlio. O primeiro lote do repasse, que foi publicado nesta sexta-feira, 28, na\u00a0<a href=\"https:\/\/www.pjf.mg.gov.br\/e_atos\/e_atos_vis.php?id=100277\"><strong>portaria 12.466<\/strong><\/a>, j\u00e1 estabelece o pagamento para 269 pessoas.\u00a0A secret\u00e1ria de Governo, Cidinha Louzada, destacou que na atual gest\u00e3o a Defesa Civil est\u00e1 atuando com um olhar humanizado para minimizar a consequ\u00eancia dos desastres na vida das pessoas.\u00a0\u201cA Defesa Civil est\u00e1 trabalhando para captar todos os recursos poss\u00edveis para atender a nossa popula\u00e7\u00e3o. \u00c9 importante a chegada desse recurso para que as pessoas possam comprar o que considerarem necess\u00e1rio\u201d, explica.<\/p>\n","protected":false},"excerpt":{"rendered":"<p>Segundo informa\u00e7\u00f5es do site da Prefeitura de Juiz de Fora (PJF),\u00a0 vai ser repassado pela PJF cerca de R$ 440 mil para a popula\u00e7\u00e3o afetada no \u00faltimo per\u00edodo chuvoso. As 368 pessoas que tiveram im\u00f3veis interditados diante da situa\u00e7\u00e3o de emerg\u00eancia do m\u00eas de janeiro receber\u00e3o, cada uma, aux\u00edlio financeiro de R$1.200. A iniciativa \u00e9 [&hellip;]<\/p>\n","protected":false},"author":246,"featured_media":206043,"comment_status":"closed","ping_status":"closed","sticky":false,"template":"","format":"standard","meta":{"footnotes":""},"categories":[253,436,440,439],"tags":[],"class_list":["post-206042","post","type-post","status-publish","format-standard","has-post-thumbnail","hentry","category-cidade","category-destaque-da-semana","category-destaques-do-dia","category-ultima-hora"],"_links":{"self":[{"href":"https:\/\/diarioregionaldigital.com.br\/index.php?rest_route=\/wp\/v2\/posts\/206042","targetHints":{"allow":["GET"]}}],"collection":[{"href":"https:\/\/diarioregionaldigital.com.br\/index.php?rest_route=\/wp\/v2\/posts"}],"about":[{"href":"https:\/\/diarioregionaldigital.com.br\/index.php?rest_route=\/wp\/v2\/types\/post"}],"author":[{"embeddable":true,"href":"https:\/\/diarioregionaldigital.com.br\/index.php?rest_route=\/wp\/v2\/users\/246"}],"replies":[{"embeddable":true,"href":"https:\/\/diarioregionaldigital.com.br\/index.php?rest_route=%2Fwp%2Fv2%2Fcomments&post=206042"}],"version-history":[{"count":1,"href":"https:\/\/diarioregionaldigital.com.br\/index.php?rest_route=\/wp\/v2\/posts\/206042\/revisions"}],"predecessor-version":[{"id":206044,"href":"https:\/\/diarioregionaldigital.com.br\/index.php?rest_route=\/wp\/v2\/posts\/206042\/revisions\/206044"}],"wp:featuredmedia":[{"embeddable":true,"href":"https:\/\/diarioregionaldigital.com.br\/index.php?rest_route=\/wp\/v2\/media\/206043"}],"wp:attachment":[{"href":"https:\/\/diarioregionaldigital.com.br\/index.php?rest_route=%2Fwp%2Fv2%2Fmedia&parent=206042"}],"wp:term":[{"taxonomy":"category","embeddable":true,"href":"https:\/\/diarioregionaldigital.com.br\/index.php?rest_route=%2Fwp%2Fv2%2Fcategories&post=206042"},{"taxonomy":"post_tag","embeddable":true,"href":"https:\/\/diarioregionaldigital.com.br\/index.php?rest_route=%2Fwp%2Fv2%2Ftags&post=206042"}],"curies":[{"name":"wp","href":"https:\/\/api.w.org\/{rel}","templated":true}]}}