{"id":206039,"date":"2022-10-28T17:17:57","date_gmt":"2022-10-28T20:17:57","guid":{"rendered":"https:\/\/diarioregionaldigital.com.br\/?p=206039"},"modified":"2022-10-28T17:17:57","modified_gmt":"2022-10-28T20:17:57","slug":"sao-paulo-arranca-vitoria-sobre-atletico-go-no-morumbi","status":"publish","type":"post","link":"https:\/\/diarioregionaldigital.com.br\/?p=206039","title":{"rendered":"S\u00e3o Paulo arranca vit\u00f3ria sobre Atl\u00e9tico-GO no Morumbi"},"content":{"rendered":"<p>O S\u00e3o Paulo arrancou uma vit\u00f3ria de 2 a 1 sobre o Atl\u00e9tico-GO, na noite desta quinta-feira (27) no est\u00e1dio do Morumbi pela 34\u00aa rodada do Campeonato Brasileiro, e se aproximou da zona de classifica\u00e7\u00e3o \u00e0 Copa Libertadores.<img decoding=\"async\" src=\"https:\/\/agenciabrasil.ebc.com.br\/ebc.png?id=1490684&amp;o=node\" \/><img decoding=\"async\" src=\"https:\/\/agenciabrasil.ebc.com.br\/ebc.gif?id=1490684&amp;o=node\" \/><\/p>\n<p>Com esta vit\u00f3ria o Tricolor alcan\u00e7ou os 50 pontos, na 8\u00aa posi\u00e7\u00e3o da classifica\u00e7\u00e3o. J\u00e1 para o Drag\u00e3o o rev\u00e9s representou a perman\u00eancia na zona do rebaixamento da competi\u00e7\u00e3o, com 33 pontos na 17\u00aa posi\u00e7\u00e3o.<\/p>\n<p>Contando com o faro de gol de Calleri, o S\u00e3o Paulo abriu o placar aos 21 minutos do primeiro tempo, quando Patrick avan\u00e7ou pela esquerda e cruzou para o argentino chegar batendo de primeira.<\/p>\n<p>O Atl\u00e9tico-GO chegou a empatar aos 26 minutos da etapa final, com um gola\u00e7o de Baralhas, mas o Tricolor garantiu o triunfo final j\u00e1 nos acr\u00e9scimos do confronto com um chute da entrada da \u00e1rea do volante Luan.<\/p>\n<h2>Fortaleza triunfa no Castel\u00e3o<\/h2>\n<p>Outro mandante a vencer foi o Fortaleza, que, com gols de Romarinho e Juninho Capixaba (dois), bateu o Coritiba por 3 a 1 no Castel\u00e3o. O resultado deixou o Le\u00e3o do Pici na 9\u00aa posi\u00e7\u00e3o com 48 pontos. J\u00e1 o Coxa \u00e9 o 15\u00ba com 35 pontos.<\/p>\n<p><span style=\"font-weight: 400;\">Fonte: Ag\u00eancia Brasil <\/span><\/p>\n","protected":false},"excerpt":{"rendered":"<p>O S\u00e3o Paulo arrancou uma vit\u00f3ria de 2 a 1 sobre o Atl\u00e9tico-GO, na noite desta quinta-feira (27) no est\u00e1dio do Morumbi pela 34\u00aa rodada do Campeonato Brasileiro, e se aproximou da zona de classifica\u00e7\u00e3o \u00e0 Copa Libertadores. Com esta vit\u00f3ria o Tricolor alcan\u00e7ou os 50 pontos, na 8\u00aa posi\u00e7\u00e3o da classifica\u00e7\u00e3o. J\u00e1 para o [&hellip;]<\/p>\n","protected":false},"author":246,"featured_media":206040,"comment_status":"closed","ping_status":"closed","sticky":false,"template":"","format":"standard","meta":{"footnotes":""},"categories":[436,257,439],"tags":[],"class_list":["post-206039","post","type-post","status-publish","format-standard","has-post-thumbnail","hentry","category-destaque-da-semana","category-esporte","category-ultima-hora"],"_links":{"self":[{"href":"https:\/\/diarioregionaldigital.com.br\/index.php?rest_route=\/wp\/v2\/posts\/206039","targetHints":{"allow":["GET"]}}],"collection":[{"href":"https:\/\/diarioregionaldigital.com.br\/index.php?rest_route=\/wp\/v2\/posts"}],"about":[{"href":"https:\/\/diarioregionaldigital.com.br\/index.php?rest_route=\/wp\/v2\/types\/post"}],"author":[{"embeddable":true,"href":"https:\/\/diarioregionaldigital.com.br\/index.php?rest_route=\/wp\/v2\/users\/246"}],"replies":[{"embeddable":true,"href":"https:\/\/diarioregionaldigital.com.br\/index.php?rest_route=%2Fwp%2Fv2%2Fcomments&post=206039"}],"version-history":[{"count":1,"href":"https:\/\/diarioregionaldigital.com.br\/index.php?rest_route=\/wp\/v2\/posts\/206039\/revisions"}],"predecessor-version":[{"id":206041,"href":"https:\/\/diarioregionaldigital.com.br\/index.php?rest_route=\/wp\/v2\/posts\/206039\/revisions\/206041"}],"wp:featuredmedia":[{"embeddable":true,"href":"https:\/\/diarioregionaldigital.com.br\/index.php?rest_route=\/wp\/v2\/media\/206040"}],"wp:attachment":[{"href":"https:\/\/diarioregionaldigital.com.br\/index.php?rest_route=%2Fwp%2Fv2%2Fmedia&parent=206039"}],"wp:term":[{"taxonomy":"category","embeddable":true,"href":"https:\/\/diarioregionaldigital.com.br\/index.php?rest_route=%2Fwp%2Fv2%2Fcategories&post=206039"},{"taxonomy":"post_tag","embeddable":true,"href":"https:\/\/diarioregionaldigital.com.br\/index.php?rest_route=%2Fwp%2Fv2%2Ftags&post=206039"}],"curies":[{"name":"wp","href":"https:\/\/api.w.org\/{rel}","templated":true}]}}