{"id":206036,"date":"2022-10-28T17:16:25","date_gmt":"2022-10-28T20:16:25","guid":{"rendered":"https:\/\/diarioregionaldigital.com.br\/?p=206036"},"modified":"2022-10-28T17:16:25","modified_gmt":"2022-10-28T20:16:25","slug":"atletico-mg-derrota-juventude-o-primeiro-rebaixado-da-serie-a","status":"publish","type":"post","link":"https:\/\/diarioregionaldigital.com.br\/?p=206036","title":{"rendered":"Atl\u00e9tico-MG derrota Juventude, o primeiro rebaixado da S\u00e9rie A"},"content":{"rendered":"<p>Gra\u00e7as a um gol do lateral Dod\u00f4, o Atl\u00e9tico-MG bateu o Juventude por 1 a 0, na noite desta quinta-feira (27) no est\u00e1dio do Mineir\u00e3o, pela 34\u00aa rodada do Campeonato Brasileiro. Este resultado decretou o rebaixamento da equipe do Rio Grande do Sul para a S\u00e9rie B.<img decoding=\"async\" src=\"https:\/\/agenciabrasil.ebc.com.br\/ebc.png?id=1490694&amp;o=node\" \/><img decoding=\"async\" src=\"https:\/\/agenciabrasil.ebc.com.br\/ebc.gif?id=1490694&amp;o=node\" \/><\/p>\n<p>Com o rev\u00e9s fora de casa, o Juventude, que ocupa a lanterna com apenas 21 pontos, n\u00e3o tem mais possibilidade de ultrapassar a primeira equipe fora do Z4 quando faltam quatro rodadas para o final da competi\u00e7\u00e3o, o Cear\u00e1, que tem 34 pontos. J\u00e1 para o Galo a vit\u00f3ria deu mais for\u00e7a para lutar por uma vaga para a pr\u00f3xima Libertadores. Agora o Atl\u00e9tico-MG \u00e9 o 7\u00ba colocado com 51 pontos.<\/p>\n<p>O \u00fanico gol da partida saiu aos 11 minutos do primeiro tempo, quando Dod\u00f4 recebeu dentro da \u00e1rea, dominou e bateu com viol\u00eancia para superar o goleiro C\u00e9sar.<\/p>\n<h2>Confronto de desesperados<\/h2>\n<p>Em um duelo entre duas equipes que tentam a todo custo deixar a zona do rebaixamento, o Cuiab\u00e1 superou o Ava\u00ed por 1 a 0 na Arena Pantanal. A vit\u00f3ria, garantida com gol de Pep\u00ea, levou o Dourado aos 32 pontos, na 18\u00aa posi\u00e7\u00e3o. J\u00e1 o Le\u00e3o da Ilha \u00e9 o 19\u00ba, com 29 pontos.<\/p>\n<p><span style=\"font-weight: 400;\">Fonte: Ag\u00eancia Brasil <\/span><\/p>\n","protected":false},"excerpt":{"rendered":"<p>Gra\u00e7as a um gol do lateral Dod\u00f4, o Atl\u00e9tico-MG bateu o Juventude por 1 a 0, na noite desta quinta-feira (27) no est\u00e1dio do Mineir\u00e3o, pela 34\u00aa rodada do Campeonato Brasileiro. Este resultado decretou o rebaixamento da equipe do Rio Grande do Sul para a S\u00e9rie B. Com o rev\u00e9s fora de casa, o Juventude, [&hellip;]<\/p>\n","protected":false},"author":246,"featured_media":206037,"comment_status":"closed","ping_status":"closed","sticky":false,"template":"","format":"standard","meta":{"footnotes":""},"categories":[436,257,439],"tags":[],"class_list":["post-206036","post","type-post","status-publish","format-standard","has-post-thumbnail","hentry","category-destaque-da-semana","category-esporte","category-ultima-hora"],"_links":{"self":[{"href":"https:\/\/diarioregionaldigital.com.br\/index.php?rest_route=\/wp\/v2\/posts\/206036","targetHints":{"allow":["GET"]}}],"collection":[{"href":"https:\/\/diarioregionaldigital.com.br\/index.php?rest_route=\/wp\/v2\/posts"}],"about":[{"href":"https:\/\/diarioregionaldigital.com.br\/index.php?rest_route=\/wp\/v2\/types\/post"}],"author":[{"embeddable":true,"href":"https:\/\/diarioregionaldigital.com.br\/index.php?rest_route=\/wp\/v2\/users\/246"}],"replies":[{"embeddable":true,"href":"https:\/\/diarioregionaldigital.com.br\/index.php?rest_route=%2Fwp%2Fv2%2Fcomments&post=206036"}],"version-history":[{"count":1,"href":"https:\/\/diarioregionaldigital.com.br\/index.php?rest_route=\/wp\/v2\/posts\/206036\/revisions"}],"predecessor-version":[{"id":206038,"href":"https:\/\/diarioregionaldigital.com.br\/index.php?rest_route=\/wp\/v2\/posts\/206036\/revisions\/206038"}],"wp:featuredmedia":[{"embeddable":true,"href":"https:\/\/diarioregionaldigital.com.br\/index.php?rest_route=\/wp\/v2\/media\/206037"}],"wp:attachment":[{"href":"https:\/\/diarioregionaldigital.com.br\/index.php?rest_route=%2Fwp%2Fv2%2Fmedia&parent=206036"}],"wp:term":[{"taxonomy":"category","embeddable":true,"href":"https:\/\/diarioregionaldigital.com.br\/index.php?rest_route=%2Fwp%2Fv2%2Fcategories&post=206036"},{"taxonomy":"post_tag","embeddable":true,"href":"https:\/\/diarioregionaldigital.com.br\/index.php?rest_route=%2Fwp%2Fv2%2Ftags&post=206036"}],"curies":[{"name":"wp","href":"https:\/\/api.w.org\/{rel}","templated":true}]}}