{"id":206027,"date":"2022-10-28T16:56:38","date_gmt":"2022-10-28T19:56:38","guid":{"rendered":"https:\/\/diarioregionaldigital.com.br\/?p=206027"},"modified":"2022-10-28T16:56:38","modified_gmt":"2022-10-28T19:56:38","slug":"apoiadores-de-presidente-eleito-poderao-ocupar-a-paulista-domingo","status":"publish","type":"post","link":"https:\/\/diarioregionaldigital.com.br\/?p=206027","title":{"rendered":"Apoiadores de presidente eleito poder\u00e3o ocupar a Paulista domingo"},"content":{"rendered":"<p>A Justi\u00e7a de S\u00e3o Paulo determinou que o candidato vencedor das elei\u00e7\u00f5es presidenciais no\u00a0domingo\u00a0(30)\u00a0ter\u00e1 direito a ocupar a avenida Paulista, na regi\u00e3o central de S\u00e3o Paulo. Segundo a decis\u00e3o, os apoiadores do candidato eleito n\u00e3o poder\u00e3o ocupar o local antes do t\u00e9rmino da vota\u00e7\u00e3o. A celebra\u00e7\u00e3o pode ser iniciada apenas \u00e0s 20h30. A decis\u00e3o n\u00e3o considera o eleito a governador.<img decoding=\"async\" src=\"https:\/\/agenciabrasil.ebc.com.br\/ebc.png?id=1490730&amp;o=node\" \/><img decoding=\"async\" src=\"https:\/\/agenciabrasil.ebc.com.br\/ebc.gif?id=1490730&amp;o=node\" \/><\/p>\n<p>\u201cA determina\u00e7\u00e3o segue o que havia sido acordado pelos dois grupos concorrentes antes do primeiro turno. Decide-se no sentido de que, quanto \u00e0 inten\u00e7\u00e3o de manifesta\u00e7\u00e3o mediante ocupa\u00e7\u00e3o da Avenida Paulista por entes ou movimentos na data de\u00a030 de outubro\u00a0de 2022, depois do hor\u00e1rio de vota\u00e7\u00e3o, dever\u00e1 dar-se conforme estritamente o resultado da elei\u00e7\u00e3o\u201d, diz a decis\u00e3o do juiz Randolfo Ferraz de Campos.<\/p>\n<p>Sobre a hora de in\u00edcio, o juiz ponderou que \u201cmesmo havendo t\u00e9rmino do hor\u00e1rio de vota\u00e7\u00e3o, cumpre considerar a movimenta\u00e7\u00e3o, a partir de ent\u00e3o, de recursos humanos e materiais afetos \u00e0 log\u00edstica da m\u00e1quina judici\u00e1ria eleitoral visando ao resguardo de equipamentos e dados usados ou gerados no pleito, sendo que, tanto na Avenida Paulista como nas imedia\u00e7\u00f5es, \u00e9 sabido haver numerosas se\u00e7\u00f5es eleitorais. Assim, prudentemente, deve-se aguardar ao menos at\u00e9 20 horas e 30 minutos para in\u00edcio das manifesta\u00e7\u00f5es\u201d.<\/p>\n<p><span style=\"font-weight: 400;\">Fonte: Ag\u00eancia Brasil <\/span><\/p>\n","protected":false},"excerpt":{"rendered":"<p>A Justi\u00e7a de S\u00e3o Paulo determinou que o candidato vencedor das elei\u00e7\u00f5es presidenciais no\u00a0domingo\u00a0(30)\u00a0ter\u00e1 direito a ocupar a avenida Paulista, na regi\u00e3o central de S\u00e3o Paulo. Segundo a decis\u00e3o, os apoiadores do candidato eleito n\u00e3o poder\u00e3o ocupar o local antes do t\u00e9rmino da vota\u00e7\u00e3o. A celebra\u00e7\u00e3o pode ser iniciada apenas \u00e0s 20h30. A decis\u00e3o n\u00e3o [&hellip;]<\/p>\n","protected":false},"author":246,"featured_media":206028,"comment_status":"closed","ping_status":"closed","sticky":false,"template":"","format":"standard","meta":{"footnotes":""},"categories":[436,254,439],"tags":[],"class_list":["post-206027","post","type-post","status-publish","format-standard","has-post-thumbnail","hentry","category-destaque-da-semana","category-politica","category-ultima-hora"],"_links":{"self":[{"href":"https:\/\/diarioregionaldigital.com.br\/index.php?rest_route=\/wp\/v2\/posts\/206027","targetHints":{"allow":["GET"]}}],"collection":[{"href":"https:\/\/diarioregionaldigital.com.br\/index.php?rest_route=\/wp\/v2\/posts"}],"about":[{"href":"https:\/\/diarioregionaldigital.com.br\/index.php?rest_route=\/wp\/v2\/types\/post"}],"author":[{"embeddable":true,"href":"https:\/\/diarioregionaldigital.com.br\/index.php?rest_route=\/wp\/v2\/users\/246"}],"replies":[{"embeddable":true,"href":"https:\/\/diarioregionaldigital.com.br\/index.php?rest_route=%2Fwp%2Fv2%2Fcomments&post=206027"}],"version-history":[{"count":1,"href":"https:\/\/diarioregionaldigital.com.br\/index.php?rest_route=\/wp\/v2\/posts\/206027\/revisions"}],"predecessor-version":[{"id":206029,"href":"https:\/\/diarioregionaldigital.com.br\/index.php?rest_route=\/wp\/v2\/posts\/206027\/revisions\/206029"}],"wp:featuredmedia":[{"embeddable":true,"href":"https:\/\/diarioregionaldigital.com.br\/index.php?rest_route=\/wp\/v2\/media\/206028"}],"wp:attachment":[{"href":"https:\/\/diarioregionaldigital.com.br\/index.php?rest_route=%2Fwp%2Fv2%2Fmedia&parent=206027"}],"wp:term":[{"taxonomy":"category","embeddable":true,"href":"https:\/\/diarioregionaldigital.com.br\/index.php?rest_route=%2Fwp%2Fv2%2Fcategories&post=206027"},{"taxonomy":"post_tag","embeddable":true,"href":"https:\/\/diarioregionaldigital.com.br\/index.php?rest_route=%2Fwp%2Fv2%2Ftags&post=206027"}],"curies":[{"name":"wp","href":"https:\/\/api.w.org\/{rel}","templated":true}]}}