{"id":206021,"date":"2022-10-28T16:53:03","date_gmt":"2022-10-28T19:53:03","guid":{"rendered":"https:\/\/diarioregionaldigital.com.br\/?p=206021"},"modified":"2022-10-28T16:53:03","modified_gmt":"2022-10-28T19:53:03","slug":"distribuidoras-de-energia-reforcam-plantao-no-2o-turno-das-eleicoes","status":"publish","type":"post","link":"https:\/\/diarioregionaldigital.com.br\/?p=206021","title":{"rendered":"Distribuidoras de energia refor\u00e7am plant\u00e3o no 2\u00ba turno das elei\u00e7\u00f5es"},"content":{"rendered":"<p>Empresas distribuidoras de energia el\u00e9trica anunciaram medidas para prevenir eventuais problemas com o abastecimento durante o segundo turno das elei\u00e7\u00f5es gerais, neste\u00a0domingo\u00a0(30), quando mais de 156 milh\u00f5es de eleitores estar\u00e3o aptos a votar para escolher o presidente da Rep\u00fablica.<img decoding=\"async\" src=\"https:\/\/agenciabrasil.ebc.com.br\/ebc.png?id=1490783&amp;o=node\" \/><img decoding=\"async\" src=\"https:\/\/agenciabrasil.ebc.com.br\/ebc.gif?id=1490783&amp;o=node\" \/><\/p>\n<p>Al\u00e9m do chefe do Poder Executivo federal,\u00a0os eleitores v\u00e3o ajudar a definir os governadores de\u00a012 estados:\u00a0Alagoas, Amazonas, Bahia, Esp\u00edrito Santo, Mato Grosso do Sul, Para\u00edba, Pernambuco, Rio Grande do Sul, Rond\u00f4nia, Santa Catarina, Sergipe\u00a0e\u00a0S\u00e3o Paulo.<\/p>\n<p>Respons\u00e1vel por atender a cerca de 15 milh\u00f5es de clientes\u00a0em 18 estados e mais o Distrito Federal, o\u00a0Grupo Neoenergia retomou\u00a0os protocolos preventivos j\u00e1\u00a0acionados no primeiro turno,\u00a0em\u00a0suas cinco concession\u00e1rias:\u00a0Bras\u00edlia,\u00a0Celpe (PE),\u00a0Coelba\u00a0(BA),\u00a0Cosern\u00a0(RN)\u00a0e Elektro (SP e MS).<\/p>\n<p>Al\u00e9m de reinspecionar a rede el\u00e9trica que abastece os locais de vota\u00e7\u00e3o e os tribunais e cart\u00f3rios eleitorais, t\u00e9cnicos do grupo fizeram manuten\u00e7\u00e3o preventiva e corretiva nos circuitos el\u00e9tricos de todas as unidades federativas atendidas pelas distribuidoras. A empresa tamb\u00e9m afirma\u00a0ter\u00a0refor\u00e7ado as equipes de funcion\u00e1rios que estar\u00e3o de plant\u00e3o durante o dia da vota\u00e7\u00e3o.<\/p>\n<p>S\u00f3 no Distrito Federal, onde afirma\u00a0ter\u00a0reinspecionado cerca de 180 quil\u00f4metros da rede el\u00e9trica, a Neoenergia garante que aumentar\u00e1 em 38% o n\u00famero de t\u00e9cnicos\u00a0plantonistas para\u00a0evitar ou solucionar o mais rapidamente poss\u00edvel qualquer problema com o fornecimento de energia. J\u00e1 no Rio Grande do Norte, onde mais de 2,5 milh\u00f5es de eleitores est\u00e3o aptos a votar, a Neoenergia Cosern monitorar\u00e1 em tempo real os 1.495 locais de vota\u00e7\u00e3o de \u00e1reas urbanas e rurais.<\/p>\n<p>As\u00a0tr\u00eas distribuidoras pertencentes \u00e0 CPFL (Paulista, Piratininga e Santa Cruz)\u00a0tamb\u00e9m disp\u00f5em de planos especiais de atendimento para garantir o fornecimento a 4.092 locais de vota\u00e7\u00e3o em 301 cidades de S\u00e3o Paulo, tr\u00eas do Paran\u00e1 e tr\u00eas de Minas Gerais. O planejamento ser\u00e1 colocado em pr\u00e1tica j\u00e1 a partir de amanh\u00e3 (29) e contempla um refor\u00e7o no n\u00famero de t\u00e9cnicos de plant\u00e3o com a orienta\u00e7\u00e3o de, em caso de necessidade, priorizar os atendimentos aos locais de vota\u00e7\u00e3o.<\/p>\n<p>Tamb\u00e9m as empresas que integram o Grupo Equatorial prosseguir\u00e3o com\u00a0os procedimentos operacionais\u00a0estabelecidos antes do primeiro turno. A Equatorial Maranh\u00e3o, por exemplo,\u00a0ter\u00e1 270 equipes \u00e0 disposi\u00e7\u00e3o durante todo o dia, inclusive com caminh\u00f5es de manuten\u00e7\u00e3o j\u00e1 posicionados em locais considerados estrat\u00e9gicos. Mesmo n\u00famero de equipes de colaboradores que a Equatorial Par\u00e1 planeja distribuir por todo o territ\u00f3rio paraense.<\/p>\n<p><span style=\"font-weight: 400;\">Fonte: Ag\u00eancia Brasil <\/span><\/p>\n","protected":false},"excerpt":{"rendered":"<p>Empresas distribuidoras de energia el\u00e9trica anunciaram medidas para prevenir eventuais problemas com o abastecimento durante o segundo turno das elei\u00e7\u00f5es gerais, neste\u00a0domingo\u00a0(30), quando mais de 156 milh\u00f5es de eleitores estar\u00e3o aptos a votar para escolher o presidente da Rep\u00fablica. Al\u00e9m do chefe do Poder Executivo federal,\u00a0os eleitores v\u00e3o ajudar a definir os governadores de\u00a012 estados:\u00a0Alagoas, [&hellip;]<\/p>\n","protected":false},"author":246,"featured_media":206022,"comment_status":"closed","ping_status":"closed","sticky":false,"template":"","format":"standard","meta":{"footnotes":""},"categories":[436,254,439],"tags":[],"class_list":["post-206021","post","type-post","status-publish","format-standard","has-post-thumbnail","hentry","category-destaque-da-semana","category-politica","category-ultima-hora"],"_links":{"self":[{"href":"https:\/\/diarioregionaldigital.com.br\/index.php?rest_route=\/wp\/v2\/posts\/206021","targetHints":{"allow":["GET"]}}],"collection":[{"href":"https:\/\/diarioregionaldigital.com.br\/index.php?rest_route=\/wp\/v2\/posts"}],"about":[{"href":"https:\/\/diarioregionaldigital.com.br\/index.php?rest_route=\/wp\/v2\/types\/post"}],"author":[{"embeddable":true,"href":"https:\/\/diarioregionaldigital.com.br\/index.php?rest_route=\/wp\/v2\/users\/246"}],"replies":[{"embeddable":true,"href":"https:\/\/diarioregionaldigital.com.br\/index.php?rest_route=%2Fwp%2Fv2%2Fcomments&post=206021"}],"version-history":[{"count":1,"href":"https:\/\/diarioregionaldigital.com.br\/index.php?rest_route=\/wp\/v2\/posts\/206021\/revisions"}],"predecessor-version":[{"id":206023,"href":"https:\/\/diarioregionaldigital.com.br\/index.php?rest_route=\/wp\/v2\/posts\/206021\/revisions\/206023"}],"wp:featuredmedia":[{"embeddable":true,"href":"https:\/\/diarioregionaldigital.com.br\/index.php?rest_route=\/wp\/v2\/media\/206022"}],"wp:attachment":[{"href":"https:\/\/diarioregionaldigital.com.br\/index.php?rest_route=%2Fwp%2Fv2%2Fmedia&parent=206021"}],"wp:term":[{"taxonomy":"category","embeddable":true,"href":"https:\/\/diarioregionaldigital.com.br\/index.php?rest_route=%2Fwp%2Fv2%2Fcategories&post=206021"},{"taxonomy":"post_tag","embeddable":true,"href":"https:\/\/diarioregionaldigital.com.br\/index.php?rest_route=%2Fwp%2Fv2%2Ftags&post=206021"}],"curies":[{"name":"wp","href":"https:\/\/api.w.org\/{rel}","templated":true}]}}