{"id":206015,"date":"2022-10-28T16:42:23","date_gmt":"2022-10-28T19:42:23","guid":{"rendered":"https:\/\/diarioregionaldigital.com.br\/?p=206015"},"modified":"2022-10-28T16:42:23","modified_gmt":"2022-10-28T19:42:23","slug":"dolar-cai-para-r-530-com-alivio-no-brasil-e-no-exterior","status":"publish","type":"post","link":"https:\/\/diarioregionaldigital.com.br\/?p=206015","title":{"rendered":"D\u00f3lar cai para R$ 5,30 com al\u00edvio no Brasil e no exterior"},"content":{"rendered":"<p>Em um dia de al\u00edvio no Brasil e no exterior, o d\u00f3lar teve a maior queda di\u00e1ria em quase um m\u00eas. A bolsa de valores interrompeu uma sequ\u00eancia de tr\u00eas quedas consecutivas e recuperou parte das perdas da semana.<img decoding=\"async\" src=\"https:\/\/agenciabrasil.ebc.com.br\/ebc.png?id=1490644&amp;o=node\" \/><img decoding=\"async\" src=\"https:\/\/agenciabrasil.ebc.com.br\/ebc.gif?id=1490644&amp;o=node\" \/><\/p>\n<p>O d\u00f3lar comercial encerrou esta quinta-feira (27) vendido a R$ 5,307, com queda de R$ 0,075 (1,39%). A cota\u00e7\u00e3o operou em queda durante quase todo o dia, chegando a R$ 5,28 por volta das 11h. Ap\u00f3s oscilar em torno desse valor, ganhou tra\u00e7\u00e3o perto do fim do dia, at\u00e9 fechar pr\u00f3xima de R$ 5,31.<\/p>\n<p>Com o desempenho de hoje, a moeda norte-americana acumula baixa de 1,63% em outubro. Em 2022, a queda chega a 4,82%.<\/p>\n<p>No mercado de a\u00e7\u00f5es, o dia tamb\u00e9m foi de al\u00edvio. O \u00edndice Ibovespa da B3 fechou aos 114.641 pontos, com alta de 1,66%. \u00c0s 16h44, o indicador chegou a subir 2,73%, mas desacelerou nos minutos finais de negocia\u00e7\u00e3o.<\/p>\n<p>Nos \u00faltimos dias, o mercado financeiro tinha se descolado do exterior por causa das tens\u00f5es eleitorais no Brasil, com o d\u00f3lar aproximando-se de R$ 5,40 e a bolsa caindo quase 7%. Hoje, no entanto, houve um movimento de corre\u00e7\u00e3o, com o al\u00edvio parcial da instabilidade dom\u00e9stica e a apresenta\u00e7\u00e3o de dados que mostram a desacelera\u00e7\u00e3o da economia norte-americana.<\/p>\n<p>Ap\u00f3s a divulga\u00e7\u00e3o de indicadores que mostram que os Estados Unidos crescer\u00e3o menos no terceiro trimestre, o d\u00f3lar passou a cair em todo o planeta. A desacelera\u00e7\u00e3o econ\u00f4mica aumenta as chances de o Federal Reserve (Fed, Banco Central norte-americano) diminuir o ritmo de eleva\u00e7\u00e3o dos juros. Os investidores agora esperam alta de 0,75 ponto percentual na reuni\u00e3o da pr\u00f3xima semana e de 0,5 ponto em dezembro.<\/p>\n<p><span style=\"font-weight: 400;\">Fonte: Ag\u00eancia Brasil <\/span><\/p>\n","protected":false},"excerpt":{"rendered":"<p>Em um dia de al\u00edvio no Brasil e no exterior, o d\u00f3lar teve a maior queda di\u00e1ria em quase um m\u00eas. A bolsa de valores interrompeu uma sequ\u00eancia de tr\u00eas quedas consecutivas e recuperou parte das perdas da semana. O d\u00f3lar comercial encerrou esta quinta-feira (27) vendido a R$ 5,307, com queda de R$ 0,075 [&hellip;]<\/p>\n","protected":false},"author":246,"featured_media":206016,"comment_status":"closed","ping_status":"closed","sticky":false,"template":"","format":"standard","meta":{"footnotes":""},"categories":[436,261,439],"tags":[],"class_list":["post-206015","post","type-post","status-publish","format-standard","has-post-thumbnail","hentry","category-destaque-da-semana","category-economia","category-ultima-hora"],"_links":{"self":[{"href":"https:\/\/diarioregionaldigital.com.br\/index.php?rest_route=\/wp\/v2\/posts\/206015","targetHints":{"allow":["GET"]}}],"collection":[{"href":"https:\/\/diarioregionaldigital.com.br\/index.php?rest_route=\/wp\/v2\/posts"}],"about":[{"href":"https:\/\/diarioregionaldigital.com.br\/index.php?rest_route=\/wp\/v2\/types\/post"}],"author":[{"embeddable":true,"href":"https:\/\/diarioregionaldigital.com.br\/index.php?rest_route=\/wp\/v2\/users\/246"}],"replies":[{"embeddable":true,"href":"https:\/\/diarioregionaldigital.com.br\/index.php?rest_route=%2Fwp%2Fv2%2Fcomments&post=206015"}],"version-history":[{"count":1,"href":"https:\/\/diarioregionaldigital.com.br\/index.php?rest_route=\/wp\/v2\/posts\/206015\/revisions"}],"predecessor-version":[{"id":206017,"href":"https:\/\/diarioregionaldigital.com.br\/index.php?rest_route=\/wp\/v2\/posts\/206015\/revisions\/206017"}],"wp:featuredmedia":[{"embeddable":true,"href":"https:\/\/diarioregionaldigital.com.br\/index.php?rest_route=\/wp\/v2\/media\/206016"}],"wp:attachment":[{"href":"https:\/\/diarioregionaldigital.com.br\/index.php?rest_route=%2Fwp%2Fv2%2Fmedia&parent=206015"}],"wp:term":[{"taxonomy":"category","embeddable":true,"href":"https:\/\/diarioregionaldigital.com.br\/index.php?rest_route=%2Fwp%2Fv2%2Fcategories&post=206015"},{"taxonomy":"post_tag","embeddable":true,"href":"https:\/\/diarioregionaldigital.com.br\/index.php?rest_route=%2Fwp%2Fv2%2Ftags&post=206015"}],"curies":[{"name":"wp","href":"https:\/\/api.w.org\/{rel}","templated":true}]}}